{"id":41881,"date":"2023-08-06T14:12:42","date_gmt":"2023-08-06T14:12:42","guid":{"rendered":"https:\/\/todoapulmon-rafaela.com\/?p=41881"},"modified":"2023-08-06T14:12:42","modified_gmt":"2023-08-06T14:12:42","slug":"mondino-culmino-su-participacion-en-el-panamericano","status":"publish","type":"post","link":"https:\/\/todoapulmon-rafaela.com\/index.php\/2023\/08\/06\/mondino-culmino-su-participacion-en-el-panamericano\/","title":{"rendered":"Mondino culmin\u00f3 su participaci\u00f3n en el Panamericano"},"content":{"rendered":"<p>Este domingo por la ma\u00f1ana se corrieron las series de 200 metros llanos en el Panamericano U20 de Mayag\u00fcez, Puerto Rico.<\/p>\n<p>Luego de la gran alegr\u00eda de ayer obteniendo la medalla de bronce como integrante de la posta 4 x 100, el rafaelino Tom\u00e1s Mondino no logr\u00f3 avanzar a la final de esta \u00faltima prueba individual. El velocista de nuestra ciudad registr\u00f3 un tiempo de 21s 50, quedando cuarto en la serie y duod\u00e9cimo en el acumulado de los heats. Los ocho primeros lograron la clasificaci\u00f3n, siendo el brasilero Renan Gallina el de mejor tiempo con 20s 37.<\/p>\n","protected":false},"excerpt":{"rendered":"<p>Este domingo por la ma\u00f1ana se corrieron las series de 200 metros llanos en el Panamericano U20 de Mayag\u00fcez, Puerto<\/p>\n","protected":false},"author":2,"featured_media":41882,"comment_status":"closed","ping_status":"closed","sticky":false,"template":"","format":"standard","meta":{"footnotes":""},"categories":[7,24],"tags":[],"class_list":["post-41881","post","type-post","status-publish","format-standard","has-post-thumbnail","hentry","category-atletismo","category-noticias-destacadas"],"cc_featured_image_caption":{"caption_text":"","source_text":"","source_url":""},"_links":{"self":[{"href":"https:\/\/todoapulmon-rafaela.com\/index.php\/wp-json\/wp\/v2\/posts\/41881"}],"collection":[{"href":"https:\/\/todoapulmon-rafaela.com\/index.php\/wp-json\/wp\/v2\/posts"}],"about":[{"href":"https:\/\/todoapulmon-rafaela.com\/index.php\/wp-json\/wp\/v2\/types\/post"}],"author":[{"embeddable":true,"href":"https:\/\/todoapulmon-rafaela.com\/index.php\/wp-json\/wp\/v2\/users\/2"}],"replies":[{"embeddable":true,"href":"https:\/\/todoapulmon-rafaela.com\/index.php\/wp-json\/wp\/v2\/comments?post=41881"}],"version-history":[{"count":1,"href":"https:\/\/todoapulmon-rafaela.com\/index.php\/wp-json\/wp\/v2\/posts\/41881\/revisions"}],"predecessor-version":[{"id":41883,"href":"https:\/\/todoapulmon-rafaela.com\/index.php\/wp-json\/wp\/v2\/posts\/41881\/revisions\/41883"}],"wp:featuredmedia":[{"embeddable":true,"href":"https:\/\/todoapulmon-rafaela.com\/index.php\/wp-json\/wp\/v2\/media\/41882"}],"wp:attachment":[{"href":"https:\/\/todoapulmon-rafaela.com\/index.php\/wp-json\/wp\/v2\/media?parent=41881"}],"wp:term":[{"taxonomy":"category","embeddable":true,"href":"https:\/\/todoapulmon-rafaela.com\/index.php\/wp-json\/wp\/v2\/categories?post=41881"},{"taxonomy":"post_tag","embeddable":true,"href":"https:\/\/todoapulmon-rafaela.com\/index.php\/wp-json\/wp\/v2\/tags?post=41881"}],"curies":[{"name":"wp","href":"https:\/\/api.w.org\/{rel}","templated":true}]}}