{"id":41743,"date":"2023-08-01T15:36:19","date_gmt":"2023-08-01T15:36:19","guid":{"rendered":"https:\/\/todoapulmon-rafaela.com\/?p=41743"},"modified":"2023-08-02T02:33:27","modified_gmt":"2023-08-02T02:33:27","slug":"tomas-mondino-viaja-al-panamericano-u20-en-puerto-rico","status":"publish","type":"post","link":"https:\/\/todoapulmon-rafaela.com\/index.php\/2023\/08\/01\/tomas-mondino-viaja-al-panamericano-u20-en-puerto-rico\/","title":{"rendered":"Tom\u00e1s Mondino viaja al Panamericano U20 en Puerto Rico"},"content":{"rendered":"<p>Este martes a las 18 est\u00e1 partiendo desde Ezeiza la delegaci\u00f3n argentina que competir\u00e1 el venidero fin de semana en el Panamericano U20 a realizarse en Mayaguez, Puerto Rico. El rafaelino Tom\u00e1s Mondino es uno de los 14 integrantes del seleccionado.<\/p>\n<p>El hecho de ser una delegaci\u00f3n un tanto reducida, tiene que ver con que a nivel Panamericano las marcas habilitantes son mucho m\u00e1s exigentes.\u00a0Ser\u00e1 la XXI edici\u00f3n de este prestigioso campeonato con las principales figuras de todo el continente, de m\u00e1s de 30 pa\u00edses, en esta categor\u00eda, el cual tendr\u00e1 como escenario el estadio Centroamericano \u00abJos\u00e9 Antonio Figueroa\u00bb.<\/p>\n<p>Mondino, luego de una buena gira realizada por Espa\u00f1a para sumar experiencia y tomar m\u00e1s ritmo competitivo, intentar\u00e1 alcanzar el pico de su rendimiento del a\u00f1o en este torneo, que es el principal objetivo internacional.<\/p>\n<p>En cuanto a los horarios de participaci\u00f3n, el viernes a las 10.21 (hora argentina) participar\u00e1 en las semifinales de 100 metros llanos y de avanzar a la final, se correr\u00e1 a las 20.25. Luego, el s\u00e1bado, desde las 19.40 se disputar\u00e1 la competencia de la posta 4 x 100, y el domingo a las 9.30 tendr\u00e1 la semifinal de 200 metros, cuya final est\u00e1 programada a la tarde desde las 17.15.<\/p>\n<p>EL EQUIPO ARGENTINO<\/p>\n<p>Tom\u00e1s Mondino: 100, 200 metros y posta 4 x 100.<\/p>\n<p>Giuliana Baigorria: lanzamiento de martillo.<\/p>\n<p>Hellen Bernard Stilling: 100 y 400 metros con vallas.<\/p>\n<p>Juana Zuberbuhler: 800 metros.<\/p>\n<p>Mat\u00edas Castro: Relevo 4 x 100.<\/p>\n<p>Isabel Conde: 800 y 1.500 metros.<\/p>\n<p>Florencia Dupans: lanzamiento de disco y bala.<\/p>\n<p>Renata Godoy: Heptatlon.<\/p>\n<p>Uriel Mu\u00f1oz: 800 y 1.500 metros.<\/p>\n<p>Tom\u00e1s Olivera: lanzamiento de martillo.<\/p>\n<p>Carolina Scarponi: salto con garrocha.<\/p>\n<p>Lucas Villegas: 100\/Relevo.<\/p>\n<p>Tom\u00e1s Villegas: 200\/Relevo.<\/p>\n<p>Victoria Zanolli: salto en largo.<\/p>\n<p>Jefe Equipo: Mariana D\u00edaz.<\/p>\n","protected":false},"excerpt":{"rendered":"<p>Este martes a las 18 est\u00e1 partiendo desde Ezeiza la delegaci\u00f3n argentina que competir\u00e1 el venidero fin de semana en<\/p>\n","protected":false},"author":2,"featured_media":41752,"comment_status":"closed","ping_status":"closed","sticky":false,"template":"","format":"standard","meta":{"footnotes":""},"categories":[7,24],"tags":[],"class_list":["post-41743","post","type-post","status-publish","format-standard","has-post-thumbnail","hentry","category-atletismo","category-noticias-destacadas"],"cc_featured_image_caption":{"caption_text":"","source_text":"","source_url":""},"_links":{"self":[{"href":"https:\/\/todoapulmon-rafaela.com\/index.php\/wp-json\/wp\/v2\/posts\/41743"}],"collection":[{"href":"https:\/\/todoapulmon-rafaela.com\/index.php\/wp-json\/wp\/v2\/posts"}],"about":[{"href":"https:\/\/todoapulmon-rafaela.com\/index.php\/wp-json\/wp\/v2\/types\/post"}],"author":[{"embeddable":true,"href":"https:\/\/todoapulmon-rafaela.com\/index.php\/wp-json\/wp\/v2\/users\/2"}],"replies":[{"embeddable":true,"href":"https:\/\/todoapulmon-rafaela.com\/index.php\/wp-json\/wp\/v2\/comments?post=41743"}],"version-history":[{"count":9,"href":"https:\/\/todoapulmon-rafaela.com\/index.php\/wp-json\/wp\/v2\/posts\/41743\/revisions"}],"predecessor-version":[{"id":41761,"href":"https:\/\/todoapulmon-rafaela.com\/index.php\/wp-json\/wp\/v2\/posts\/41743\/revisions\/41761"}],"wp:featuredmedia":[{"embeddable":true,"href":"https:\/\/todoapulmon-rafaela.com\/index.php\/wp-json\/wp\/v2\/media\/41752"}],"wp:attachment":[{"href":"https:\/\/todoapulmon-rafaela.com\/index.php\/wp-json\/wp\/v2\/media?parent=41743"}],"wp:term":[{"taxonomy":"category","embeddable":true,"href":"https:\/\/todoapulmon-rafaela.com\/index.php\/wp-json\/wp\/v2\/categories?post=41743"},{"taxonomy":"post_tag","embeddable":true,"href":"https:\/\/todoapulmon-rafaela.com\/index.php\/wp-json\/wp\/v2\/tags?post=41743"}],"curies":[{"name":"wp","href":"https:\/\/api.w.org\/{rel}","templated":true}]}}