{"id":41666,"date":"2023-07-30T20:32:31","date_gmt":"2023-07-30T20:32:31","guid":{"rendered":"https:\/\/todoapulmon-rafaela.com\/?p=41666"},"modified":"2023-07-30T20:32:31","modified_gmt":"2023-07-30T20:32:31","slug":"bronce-sudamericano-para-emmert-con-la-posta-4x400","status":"publish","type":"post","link":"https:\/\/todoapulmon-rafaela.com\/index.php\/2023\/07\/30\/bronce-sudamericano-para-emmert-con-la-posta-4x400\/","title":{"rendered":"Bronce Sudamericano para Emmert con la posta 4&#215;400"},"content":{"rendered":"<p>Culmin\u00f3 este domingo el Campeonato Sudamericano de Atletismo en San Pablo y el rafaelino Pedro Emmert logr\u00f3 la medalla de bronce integrando la posta 4&#215;400 en lo que fue la \u00faltima prueba del torneo. El tiempo fue de 3m 05s 76 con el equipo integrado, adem\u00e1s del rafaelino, por Bruno De Genaro, Juli\u00e1n Gaviola y Elian Larregina.<\/p>\n<p>Emmert, que en la prueba individual de 400 metros hab\u00eda sido s\u00e9ptimo el s\u00e1bado en la final, fue el primer relevo de la competencia ganada por Venezuela con 3m 04s 14, apenas por una cent\u00e9sima de diferencia sobre Brasil que qued\u00f3 segundo.<\/p>\n","protected":false},"excerpt":{"rendered":"<p>Culmin\u00f3 este domingo el Campeonato Sudamericano de Atletismo en San Pablo y el rafaelino Pedro Emmert logr\u00f3 la medalla de<\/p>\n","protected":false},"author":2,"featured_media":41667,"comment_status":"closed","ping_status":"closed","sticky":false,"template":"","format":"standard","meta":{"footnotes":""},"categories":[7,24],"tags":[],"class_list":["post-41666","post","type-post","status-publish","format-standard","has-post-thumbnail","hentry","category-atletismo","category-noticias-destacadas"],"cc_featured_image_caption":{"caption_text":"","source_text":"","source_url":""},"_links":{"self":[{"href":"https:\/\/todoapulmon-rafaela.com\/index.php\/wp-json\/wp\/v2\/posts\/41666"}],"collection":[{"href":"https:\/\/todoapulmon-rafaela.com\/index.php\/wp-json\/wp\/v2\/posts"}],"about":[{"href":"https:\/\/todoapulmon-rafaela.com\/index.php\/wp-json\/wp\/v2\/types\/post"}],"author":[{"embeddable":true,"href":"https:\/\/todoapulmon-rafaela.com\/index.php\/wp-json\/wp\/v2\/users\/2"}],"replies":[{"embeddable":true,"href":"https:\/\/todoapulmon-rafaela.com\/index.php\/wp-json\/wp\/v2\/comments?post=41666"}],"version-history":[{"count":1,"href":"https:\/\/todoapulmon-rafaela.com\/index.php\/wp-json\/wp\/v2\/posts\/41666\/revisions"}],"predecessor-version":[{"id":41668,"href":"https:\/\/todoapulmon-rafaela.com\/index.php\/wp-json\/wp\/v2\/posts\/41666\/revisions\/41668"}],"wp:featuredmedia":[{"embeddable":true,"href":"https:\/\/todoapulmon-rafaela.com\/index.php\/wp-json\/wp\/v2\/media\/41667"}],"wp:attachment":[{"href":"https:\/\/todoapulmon-rafaela.com\/index.php\/wp-json\/wp\/v2\/media?parent=41666"}],"wp:term":[{"taxonomy":"category","embeddable":true,"href":"https:\/\/todoapulmon-rafaela.com\/index.php\/wp-json\/wp\/v2\/categories?post=41666"},{"taxonomy":"post_tag","embeddable":true,"href":"https:\/\/todoapulmon-rafaela.com\/index.php\/wp-json\/wp\/v2\/tags?post=41666"}],"curies":[{"name":"wp","href":"https:\/\/api.w.org\/{rel}","templated":true}]}}