{"id":41620,"date":"2023-07-29T14:39:21","date_gmt":"2023-07-29T14:39:21","guid":{"rendered":"https:\/\/todoapulmon-rafaela.com\/?p=41620"},"modified":"2023-07-29T14:39:21","modified_gmt":"2023-07-29T14:39:21","slug":"emmert-clasifico-a-la-final-del-sudamericano","status":"publish","type":"post","link":"https:\/\/todoapulmon-rafaela.com\/index.php\/2023\/07\/29\/emmert-clasifico-a-la-final-del-sudamericano\/","title":{"rendered":"Emmert clasific\u00f3 a la final del Sudamericano"},"content":{"rendered":"<p>El primer objetivo de Pedro Emmert se cumpli\u00f3 en su debut en Sudamericanos de Mayores. Este s\u00e1bado por la ma\u00f1ana en San Pablo obtuvo el tercer puesto en la semifinal de 400 metros llanos con un tiempo de 46s 61 cent\u00e9simas, que fue el sexto mejor registro entre las dos semifinales de cara a la prueba por las medallas que se correr\u00e1 a las 15.05.<\/p>\n<p>La serie que corri\u00f3 el rafaelino fue ganada por el brasilero Lucas Da Silva Carvalho, que con 44s 79 logr\u00f3 nuevo r\u00e9cord de campeonato y la clasificaci\u00f3n al Mundial de Budapest, mientras que segundo fue el subcampe\u00f3n ol\u00edmpico, el colombiano Anthony Zambrano con 46s 49.<\/p>\n<p>El recordman argentino Elian Larregina fue cuarto en la segunda semifinal con 46s 98 y tambi\u00e9n obtuvo su lugar para la final.<\/p>\n","protected":false},"excerpt":{"rendered":"<p>El primer objetivo de Pedro Emmert se cumpli\u00f3 en su debut en Sudamericanos de Mayores. Este s\u00e1bado por la ma\u00f1ana<\/p>\n","protected":false},"author":2,"featured_media":41621,"comment_status":"closed","ping_status":"closed","sticky":false,"template":"","format":"standard","meta":{"footnotes":""},"categories":[7,24],"tags":[],"class_list":["post-41620","post","type-post","status-publish","format-standard","has-post-thumbnail","hentry","category-atletismo","category-noticias-destacadas"],"cc_featured_image_caption":{"caption_text":"","source_text":"","source_url":""},"_links":{"self":[{"href":"https:\/\/todoapulmon-rafaela.com\/index.php\/wp-json\/wp\/v2\/posts\/41620"}],"collection":[{"href":"https:\/\/todoapulmon-rafaela.com\/index.php\/wp-json\/wp\/v2\/posts"}],"about":[{"href":"https:\/\/todoapulmon-rafaela.com\/index.php\/wp-json\/wp\/v2\/types\/post"}],"author":[{"embeddable":true,"href":"https:\/\/todoapulmon-rafaela.com\/index.php\/wp-json\/wp\/v2\/users\/2"}],"replies":[{"embeddable":true,"href":"https:\/\/todoapulmon-rafaela.com\/index.php\/wp-json\/wp\/v2\/comments?post=41620"}],"version-history":[{"count":1,"href":"https:\/\/todoapulmon-rafaela.com\/index.php\/wp-json\/wp\/v2\/posts\/41620\/revisions"}],"predecessor-version":[{"id":41622,"href":"https:\/\/todoapulmon-rafaela.com\/index.php\/wp-json\/wp\/v2\/posts\/41620\/revisions\/41622"}],"wp:featuredmedia":[{"embeddable":true,"href":"https:\/\/todoapulmon-rafaela.com\/index.php\/wp-json\/wp\/v2\/media\/41621"}],"wp:attachment":[{"href":"https:\/\/todoapulmon-rafaela.com\/index.php\/wp-json\/wp\/v2\/media?parent=41620"}],"wp:term":[{"taxonomy":"category","embeddable":true,"href":"https:\/\/todoapulmon-rafaela.com\/index.php\/wp-json\/wp\/v2\/categories?post=41620"},{"taxonomy":"post_tag","embeddable":true,"href":"https:\/\/todoapulmon-rafaela.com\/index.php\/wp-json\/wp\/v2\/tags?post=41620"}],"curies":[{"name":"wp","href":"https:\/\/api.w.org\/{rel}","templated":true}]}}