{"id":4144,"date":"2016-12-26T12:46:31","date_gmt":"2016-12-26T12:46:31","guid":{"rendered":"http:\/\/todoapulmon-rafaela.com\/?p=4144"},"modified":"2016-12-26T12:46:31","modified_gmt":"2016-12-26T12:46:31","slug":"jemina-acevedo-entre-los-logros-y-superar-las-lesiones","status":"publish","type":"post","link":"https:\/\/todoapulmon-rafaela.com\/index.php\/2016\/12\/26\/jemina-acevedo-entre-los-logros-y-superar-las-lesiones\/","title":{"rendered":"Jemina Acevedo, entre los logros y superar las lesiones"},"content":{"rendered":"<p>Se cierra un a\u00f1o con muy buenos resultados para Jemina Acevedo. La lanzadora del Centro de Educaci\u00f3n F\u00edsica N\u00ba 53 cumpli\u00f3 en 2016 objetivos importantes, fundamentalmente el de ser una de las protagonistas en el Sudamericano U18 que se realiz\u00f3 en Concordia, en su debut internacional como parte del equipo argentino, luego de ser campeona nacional de la categor\u00eda en lanzamiento de bala y disco.<br \/>\nLamentablemente, el cierre de 2016 la encuentra con algunas lesiones que le impedir\u00e1n hacer la pretemporada, lo cual es un aspecto fundamental para encarar el a\u00f1o deportivo, y ello reducir\u00e1 sus expectativas en las competencias m\u00e1s importantes.<br \/>\nEl pasado viernes 23 de diciembre, Jemina estuvo en Todo a Pulm\u00f3n radio, por FM Unirred donde nos cont\u00f3 las sensaciones de este momento:<br \/>\n\u201cLos logros se alcanzaron, fundamentamente la clasificaci\u00f3n al Sudamericano U18 de la mano de los dos t\u00edtulos en Rosario. Despu\u00e9s tuve un tercer puesto en U23, no me lo esperaba pero fue muy satisfactorio ya que son dos categor\u00edas superiores a la mia. Luego, el quinto puesto en el Nacional de mayores tambi\u00e9n fue muy lindo ante atletas de gran nivel, como Roc\u00edo Comba, fue muy importante\u201d, expres\u00f3 en relaci\u00f3n a lo m\u00e1s positivo en cuanto a lo deportivo.<br \/>\nEntrando en lo m\u00e1s actual sobre su estado, coment\u00f3 que \u201cel a\u00f1o fue complicado, en cuatro a\u00f1os jam\u00e1s hab\u00eda tenido lesiones. Pero en este aparecieron todo el tiempo, primero en las rodillas, luego los aductores que me tuvieron un tiempo parada y ahora tengo dos hernias de disco. Al Sudamericano intent\u00e9 llegar de la mejor manera posible, pero se hizo dif\u00edcil. No hab\u00eda forma de perd\u00e9rmelo, por eso decid\u00ed estar pese a estos problemas\u201d.<\/p>\n<p>Aqu\u00ed el audio completo de la nota:<\/p>\n<!--[if lt IE 9]><script>document.createElement('audio');<\/script><![endif]-->\n<audio class=\"wp-audio-shortcode\" id=\"audio-4144-1\" preload=\"none\" style=\"width: 100%;\" controls=\"controls\"><source type=\"audio\/mpeg\" src=\"http:\/\/todoapulmon-rafaela.com\/wp-content\/uploads\/2016\/12\/23-12-16-JEMINA-ACEVEDO-1.mp3?_=1\" \/><a href=\"http:\/\/todoapulmon-rafaela.com\/wp-content\/uploads\/2016\/12\/23-12-16-JEMINA-ACEVEDO-1.mp3\">http:\/\/todoapulmon-rafaela.com\/wp-content\/uploads\/2016\/12\/23-12-16-JEMINA-ACEVEDO-1.mp3<\/a><\/audio>\n<p>&nbsp;<\/p>\n","protected":false},"excerpt":{"rendered":"<p>Se cierra un a\u00f1o con muy buenos resultados para Jemina Acevedo. La lanzadora del Centro de Educaci\u00f3n F\u00edsica N\u00ba 53<\/p>\n","protected":false},"author":2,"featured_media":4139,"comment_status":"open","ping_status":"open","sticky":false,"template":"","format":"standard","meta":{"footnotes":""},"categories":[7,24],"tags":[],"class_list":["post-4144","post","type-post","status-publish","format-standard","has-post-thumbnail","hentry","category-atletismo","category-noticias-destacadas"],"cc_featured_image_caption":{"caption_text":"Jemina Acevedo apunta a recuperar su mejor estado f\u00edsico.","source_text":"","source_url":""},"_links":{"self":[{"href":"https:\/\/todoapulmon-rafaela.com\/index.php\/wp-json\/wp\/v2\/posts\/4144"}],"collection":[{"href":"https:\/\/todoapulmon-rafaela.com\/index.php\/wp-json\/wp\/v2\/posts"}],"about":[{"href":"https:\/\/todoapulmon-rafaela.com\/index.php\/wp-json\/wp\/v2\/types\/post"}],"author":[{"embeddable":true,"href":"https:\/\/todoapulmon-rafaela.com\/index.php\/wp-json\/wp\/v2\/users\/2"}],"replies":[{"embeddable":true,"href":"https:\/\/todoapulmon-rafaela.com\/index.php\/wp-json\/wp\/v2\/comments?post=4144"}],"version-history":[{"count":1,"href":"https:\/\/todoapulmon-rafaela.com\/index.php\/wp-json\/wp\/v2\/posts\/4144\/revisions"}],"predecessor-version":[{"id":4146,"href":"https:\/\/todoapulmon-rafaela.com\/index.php\/wp-json\/wp\/v2\/posts\/4144\/revisions\/4146"}],"wp:featuredmedia":[{"embeddable":true,"href":"https:\/\/todoapulmon-rafaela.com\/index.php\/wp-json\/wp\/v2\/media\/4139"}],"wp:attachment":[{"href":"https:\/\/todoapulmon-rafaela.com\/index.php\/wp-json\/wp\/v2\/media?parent=4144"}],"wp:term":[{"taxonomy":"category","embeddable":true,"href":"https:\/\/todoapulmon-rafaela.com\/index.php\/wp-json\/wp\/v2\/categories?post=4144"},{"taxonomy":"post_tag","embeddable":true,"href":"https:\/\/todoapulmon-rafaela.com\/index.php\/wp-json\/wp\/v2\/tags?post=4144"}],"curies":[{"name":"wp","href":"https:\/\/api.w.org\/{rel}","templated":true}]}}