{"id":41376,"date":"2023-07-20T22:09:09","date_gmt":"2023-07-20T22:09:09","guid":{"rendered":"https:\/\/todoapulmon-rafaela.com\/?p=41376"},"modified":"2023-07-20T22:09:09","modified_gmt":"2023-07-20T22:09:09","slug":"presencia-de-atletas-de-cras-en-el-nacional-u18","status":"publish","type":"post","link":"https:\/\/todoapulmon-rafaela.com\/index.php\/2023\/07\/20\/presencia-de-atletas-de-cras-en-el-nacional-u18\/","title":{"rendered":"Presencia de atletas de CRAS en el Nacional U18"},"content":{"rendered":"<p>El 56\u00ba Campeonato Nacional U18 tendr\u00e1 como escenario la pista principal del CeNARD (Centro Nacional de Alto Rendimiento Deportivo), este s\u00e1bado 22 y domingo 23 de julio.<\/p>\n<p>All\u00ed estar\u00e1 una delegaci\u00f3n del CRAS de nuestra ciudad, integrando el equipo de Santa Fe, con atletas entrenados por Leandro Bonamino, Ariel Magallanes y Roc\u00edo Donnet.<\/p>\n<p>Durante los dos d\u00edas de competencia en este nacional, que ser\u00e1 evaluativo rumbo al Iberoamericano U18 de Lima (Per\u00fa) en septiembre, van a participar m\u00e1s de 300 atletas -mujeres y varones- pertenecientes a las federaciones atl\u00e9ticas de distintas regiones del pa\u00eds: C\u00f3rdoba, Corrientes, Chaco, Chubut, Entre R\u00edos, Jujuy, La Rioja, La Pampa, Mendoza, Misiones, Neuqu\u00e9n, Provincia de Buenos Aires, R\u00edo Negro, Salta, Santa Fe, San Luis, San Juan, Santa Cruz, Tierra del Fuego y \u2013naturalmente- la local FAM.<\/p>\n<p>Adem\u00e1s de las chicas y chicos argentinos, competir\u00e1n en calidad de invitados varios juveniles de Paraguay, Uruguay y Chile. Y el domingo al mediod\u00eda habr\u00e1 una exhibici\u00f3n de postas 4\u00d7100 en la que intervendr\u00e1n atletas de los seleccionados nacionales.<\/p>\n<p>Este es el detalle de la delegaci\u00f3n de CRAS en el representativo provincial:<\/p>\n<p>\u25a0Del grupo de Leandro Bonamino<\/p>\n<p>1\u25aa\ufe0e Okon Valentina &#8211; 100m &#8211; 200m &#8211; Largo<\/p>\n<p>2\u25aa\ufe0e Rose, Yazmina &#8211; Martillo<\/p>\n<p>3\u25aa\ufe0e Herrera, Ana Paula &#8211; Martillo<\/p>\n<p>4\u25aa\ufe0e Morello, Federico &#8211; Bala<\/p>\n<p>5\u25aa\ufe0e Conil, Ramiro &#8211; Martillo \/Jabalina<\/p>\n<p>6\u25aa\ufe0e Dapermo, Santiago &#8211; 100m y 200m<\/p>\n<p>7\u25aa\ufe0e Simondi, Margarita &#8211; 100m cv<\/p>\n<p>\u25a0Del grupo de Ariel Magallanes y Roc\u00edo Donnet<\/p>\n<p>8\u25aa\ufe0e Milimaci, Josefina &#8211; Largo y Triple<\/p>\n<p>9\u25aa\ufe0e Alassia, Magali &#8211; 5000m Marcha<\/p>\n<p>10\u25aa\ufe0e Giordano, Isabella &#8211; 200m ll y 400m ll<br \/>\n11\u25aa\ufe0e Broda Julieta &#8211; Combinadas.<\/p>\n","protected":false},"excerpt":{"rendered":"<p>El 56\u00ba Campeonato Nacional U18 tendr\u00e1 como escenario la pista principal del CeNARD (Centro Nacional de Alto Rendimiento Deportivo), este<\/p>\n","protected":false},"author":2,"featured_media":41379,"comment_status":"closed","ping_status":"closed","sticky":false,"template":"","format":"standard","meta":{"footnotes":""},"categories":[7,24],"tags":[],"class_list":["post-41376","post","type-post","status-publish","format-standard","has-post-thumbnail","hentry","category-atletismo","category-noticias-destacadas"],"cc_featured_image_caption":{"caption_text":"","source_text":"","source_url":""},"_links":{"self":[{"href":"https:\/\/todoapulmon-rafaela.com\/index.php\/wp-json\/wp\/v2\/posts\/41376"}],"collection":[{"href":"https:\/\/todoapulmon-rafaela.com\/index.php\/wp-json\/wp\/v2\/posts"}],"about":[{"href":"https:\/\/todoapulmon-rafaela.com\/index.php\/wp-json\/wp\/v2\/types\/post"}],"author":[{"embeddable":true,"href":"https:\/\/todoapulmon-rafaela.com\/index.php\/wp-json\/wp\/v2\/users\/2"}],"replies":[{"embeddable":true,"href":"https:\/\/todoapulmon-rafaela.com\/index.php\/wp-json\/wp\/v2\/comments?post=41376"}],"version-history":[{"count":2,"href":"https:\/\/todoapulmon-rafaela.com\/index.php\/wp-json\/wp\/v2\/posts\/41376\/revisions"}],"predecessor-version":[{"id":41378,"href":"https:\/\/todoapulmon-rafaela.com\/index.php\/wp-json\/wp\/v2\/posts\/41376\/revisions\/41378"}],"wp:featuredmedia":[{"embeddable":true,"href":"https:\/\/todoapulmon-rafaela.com\/index.php\/wp-json\/wp\/v2\/media\/41379"}],"wp:attachment":[{"href":"https:\/\/todoapulmon-rafaela.com\/index.php\/wp-json\/wp\/v2\/media?parent=41376"}],"wp:term":[{"taxonomy":"category","embeddable":true,"href":"https:\/\/todoapulmon-rafaela.com\/index.php\/wp-json\/wp\/v2\/categories?post=41376"},{"taxonomy":"post_tag","embeddable":true,"href":"https:\/\/todoapulmon-rafaela.com\/index.php\/wp-json\/wp\/v2\/tags?post=41376"}],"curies":[{"name":"wp","href":"https:\/\/api.w.org\/{rel}","templated":true}]}}