{"id":41372,"date":"2023-07-20T00:45:32","date_gmt":"2023-07-20T00:45:32","guid":{"rendered":"https:\/\/todoapulmon-rafaela.com\/?p=41372"},"modified":"2023-07-20T00:52:43","modified_gmt":"2023-07-20T00:52:43","slug":"quedo-definida-la-seleccion-femenina-de-la-liga","status":"publish","type":"post","link":"https:\/\/todoapulmon-rafaela.com\/index.php\/2023\/07\/20\/quedo-definida-la-seleccion-femenina-de-la-liga\/","title":{"rendered":"Qued\u00f3 definida la selecci\u00f3n femenina de la Liga"},"content":{"rendered":"<div class=\"entry-content\">\n<p>Luego de la realizaci\u00f3n del partido amistoso jugado el lunes en Estaci\u00f3n Clucellas, con victoria de la LRF ante la San Mart\u00edn por 2 a 0, el cuerpo t\u00e9cnico a cargo de Luciano Barbero defin\u00ed\u00f3 el plantel del seleccionado femenino.<\/p>\n<p><strong>Las 18 jugadoras convocadas para la participaci\u00f3n en la Copa Santa Fe a disputarse los d\u00edas 29 y 30 de julio en la Liga Santafesina de F\u00fatbol, son:<\/strong><\/p>\n<p><strong>Escalada<\/strong>, Carolina (Atletico de Rafaela)<br \/>\n<strong>Calim<\/strong>, Natalia (Atletico de Rafaela)<br \/>\n<strong>C\u00f3rdoba<\/strong>, Aldana (Atletico de Rafaela)<br \/>\n<strong>Ponzetti<\/strong>, Giuliana (Atletico de Rafaela)<br \/>\n<strong>Rocio<\/strong>, Albornoz (Atletico de Rafaela)<br \/>\n<strong>Ruppen<\/strong>, Andrea (Deportivo Susana)<br \/>\n<strong>C\u00f3rdoba<\/strong>, Jimena (Deportivo Susana)<br \/>\n<strong>Baretta<\/strong>, Judith (Deportivo Susana)<br \/>\n<strong>Taborda<\/strong>, Rita (Deportivo Susana)<br \/>\n<strong>Dom\u00ednguez<\/strong>, Gisela (Deportivo Susana)<br \/>\n<strong>Zabala<\/strong>, Jesica (Libertad de Sunchales)<br \/>\n<strong>Schmidt<\/strong>, Yanina (Libertad de Sunchales)<br \/>\n<strong>Gallotto<\/strong>, Tamara (Libertad de Sunchales)<br \/>\n<strong>Coronel<\/strong>, Ana (Libertad de Sunchales)<br \/>\n<strong>Veiga<\/strong>, Priscila (Libertad de Sunchales)<br \/>\n<strong>Villaruel<\/strong>, Daiana (Argentino de Humberto)<br \/>\n<strong>Oggero<\/strong>, Valentina (Argentino de Humberto)<br \/>\n<strong>Guti\u00e9rrez<\/strong>, Juliana (Cicles Sunchales)<\/p>\n<p>Cuerpo T\u00e9cnico: Luciano Barbero (DT) y Luis Rivero (AC).<\/p>\n<p>Fuente: Liga Rafaelina.<\/p>\n<\/div>\n","protected":false},"excerpt":{"rendered":"<p>Luego de la realizaci\u00f3n del partido amistoso jugado el lunes en Estaci\u00f3n Clucellas, con victoria de la LRF ante la<\/p>\n","protected":false},"author":2,"featured_media":41373,"comment_status":"closed","ping_status":"closed","sticky":false,"template":"","format":"standard","meta":{"footnotes":""},"categories":[31,24],"tags":[],"class_list":["post-41372","post","type-post","status-publish","format-standard","has-post-thumbnail","hentry","category-futbol-femenino","category-noticias-destacadas"],"cc_featured_image_caption":{"caption_text":"","source_text":"","source_url":""},"_links":{"self":[{"href":"https:\/\/todoapulmon-rafaela.com\/index.php\/wp-json\/wp\/v2\/posts\/41372"}],"collection":[{"href":"https:\/\/todoapulmon-rafaela.com\/index.php\/wp-json\/wp\/v2\/posts"}],"about":[{"href":"https:\/\/todoapulmon-rafaela.com\/index.php\/wp-json\/wp\/v2\/types\/post"}],"author":[{"embeddable":true,"href":"https:\/\/todoapulmon-rafaela.com\/index.php\/wp-json\/wp\/v2\/users\/2"}],"replies":[{"embeddable":true,"href":"https:\/\/todoapulmon-rafaela.com\/index.php\/wp-json\/wp\/v2\/comments?post=41372"}],"version-history":[{"count":2,"href":"https:\/\/todoapulmon-rafaela.com\/index.php\/wp-json\/wp\/v2\/posts\/41372\/revisions"}],"predecessor-version":[{"id":41375,"href":"https:\/\/todoapulmon-rafaela.com\/index.php\/wp-json\/wp\/v2\/posts\/41372\/revisions\/41375"}],"wp:featuredmedia":[{"embeddable":true,"href":"https:\/\/todoapulmon-rafaela.com\/index.php\/wp-json\/wp\/v2\/media\/41373"}],"wp:attachment":[{"href":"https:\/\/todoapulmon-rafaela.com\/index.php\/wp-json\/wp\/v2\/media?parent=41372"}],"wp:term":[{"taxonomy":"category","embeddable":true,"href":"https:\/\/todoapulmon-rafaela.com\/index.php\/wp-json\/wp\/v2\/categories?post=41372"},{"taxonomy":"post_tag","embeddable":true,"href":"https:\/\/todoapulmon-rafaela.com\/index.php\/wp-json\/wp\/v2\/tags?post=41372"}],"curies":[{"name":"wp","href":"https:\/\/api.w.org\/{rel}","templated":true}]}}