{"id":41310,"date":"2023-07-16T21:47:03","date_gmt":"2023-07-16T21:47:03","guid":{"rendered":"https:\/\/todoapulmon-rafaela.com\/?p=41310"},"modified":"2023-07-16T21:47:03","modified_gmt":"2023-07-16T21:47:03","slug":"almagro-gano-el-grand-prix-sub-18-2","status":"publish","type":"post","link":"https:\/\/todoapulmon-rafaela.com\/index.php\/2023\/07\/16\/almagro-gano-el-grand-prix-sub-18-2\/","title":{"rendered":"Almagro gan\u00f3 el Grand Prix Sub 18"},"content":{"rendered":"<p>Este s\u00e1bado 15 de julio se llev\u00f3 a cabo el 3\u00b0 Gran Prix de V\u00f3ley Sub 18 de la ARV \u201cViviana Guntern\u201d, en el Club Uni\u00f3n de Sunchales.<\/p>\n<p>El representativo de Almagro A se qued\u00f3 con el primer puesto del nivel mayor, derrotando en la final a Uni\u00f3n de Sunchales A por 2 a 1.<\/p>\n<p>El tercer puesto correspondi\u00f3 a Brown de San Vicente, que derrot\u00f3 a Libertad de Sunchales por 2 a 1.<\/p>\n<p>La definici\u00f3n del Apertura ser\u00e1 en el Top a realizarse en Santa Clara de Saguier, el 2 de septiembre.<\/p>\n","protected":false},"excerpt":{"rendered":"<p>Este s\u00e1bado 15 de julio se llev\u00f3 a cabo el 3\u00b0 Gran Prix de V\u00f3ley Sub 18 de la ARV<\/p>\n","protected":false},"author":2,"featured_media":41311,"comment_status":"closed","ping_status":"closed","sticky":false,"template":"","format":"standard","meta":{"footnotes":""},"categories":[24,16],"tags":[],"class_list":["post-41310","post","type-post","status-publish","format-standard","has-post-thumbnail","hentry","category-noticias-destacadas","category-voley"],"cc_featured_image_caption":{"caption_text":"FOTO PRENSA VOLEY ALMAGRO","source_text":"","source_url":""},"_links":{"self":[{"href":"https:\/\/todoapulmon-rafaela.com\/index.php\/wp-json\/wp\/v2\/posts\/41310"}],"collection":[{"href":"https:\/\/todoapulmon-rafaela.com\/index.php\/wp-json\/wp\/v2\/posts"}],"about":[{"href":"https:\/\/todoapulmon-rafaela.com\/index.php\/wp-json\/wp\/v2\/types\/post"}],"author":[{"embeddable":true,"href":"https:\/\/todoapulmon-rafaela.com\/index.php\/wp-json\/wp\/v2\/users\/2"}],"replies":[{"embeddable":true,"href":"https:\/\/todoapulmon-rafaela.com\/index.php\/wp-json\/wp\/v2\/comments?post=41310"}],"version-history":[{"count":2,"href":"https:\/\/todoapulmon-rafaela.com\/index.php\/wp-json\/wp\/v2\/posts\/41310\/revisions"}],"predecessor-version":[{"id":41313,"href":"https:\/\/todoapulmon-rafaela.com\/index.php\/wp-json\/wp\/v2\/posts\/41310\/revisions\/41313"}],"wp:featuredmedia":[{"embeddable":true,"href":"https:\/\/todoapulmon-rafaela.com\/index.php\/wp-json\/wp\/v2\/media\/41311"}],"wp:attachment":[{"href":"https:\/\/todoapulmon-rafaela.com\/index.php\/wp-json\/wp\/v2\/media?parent=41310"}],"wp:term":[{"taxonomy":"category","embeddable":true,"href":"https:\/\/todoapulmon-rafaela.com\/index.php\/wp-json\/wp\/v2\/categories?post=41310"},{"taxonomy":"post_tag","embeddable":true,"href":"https:\/\/todoapulmon-rafaela.com\/index.php\/wp-json\/wp\/v2\/tags?post=41310"}],"curies":[{"name":"wp","href":"https:\/\/api.w.org\/{rel}","templated":true}]}}