{"id":41302,"date":"2023-07-16T14:01:28","date_gmt":"2023-07-16T14:01:28","guid":{"rendered":"https:\/\/todoapulmon-rafaela.com\/?p=41302"},"modified":"2023-07-16T14:11:27","modified_gmt":"2023-07-16T14:11:27","slug":"patinadoras-de-almagro-se-destacaron-en-el-regional","status":"publish","type":"post","link":"https:\/\/todoapulmon-rafaela.com\/index.php\/2023\/07\/16\/patinadoras-de-almagro-se-destacaron-en-el-regional\/","title":{"rendered":"Patinadoras de Almagro se destacaron en el Regional"},"content":{"rendered":"<p>Este s\u00e1bado finaliz\u00f3 el Campeonato Regional de pat\u00edn de la Divisional C en el El Tr\u00e9bol, donde cumplieron una destacada performance las patinadoras de Almagro de nuestra ciudad que representaron a la provincia de Santa Fe, ya que las cuatro deportistas entrenadas por Candela Bracamonte lograron la clasificaci\u00f3n para el Nacional que se realizar\u00e1 en Neuqu\u00e9n.<\/p>\n<p><img loading=\"lazy\" decoding=\"async\" class=\"alignnone size-full wp-image-41305\" src=\"https:\/\/todoapulmon-rafaela.com\/wp-content\/uploads\/2023\/07\/Raffaelli-regional.jpg\" alt=\"\" width=\"720\" height=\"794\" srcset=\"https:\/\/todoapulmon-rafaela.com\/wp-content\/uploads\/2023\/07\/Raffaelli-regional.jpg 720w, https:\/\/todoapulmon-rafaela.com\/wp-content\/uploads\/2023\/07\/Raffaelli-regional-272x300.jpg 272w\" sizes=\"(max-width: 720px) 100vw, 720px\" \/><\/p>\n<p>En la jornada de cierre, Delfina Peralta obtuvo el s\u00e9ptimo puesto en la categor\u00eda Segunda C 12 a\u00f1os.<\/p>\n<p>En los d\u00edas previos, en categor\u00eda Primera C 13 a\u00f1os, Constanza Junges logr\u00f3 el cuarto puesto y Lara Paredes el d\u00e9cimo; mientras que Morena Raffaelli fue d\u00e9cima en Primera C 15 a\u00f1os.<\/p>\n<p><img loading=\"lazy\" decoding=\"async\" class=\"alignnone size-full wp-image-41306\" src=\"https:\/\/todoapulmon-rafaela.com\/wp-content\/uploads\/2023\/07\/Contu-Lara-Cande.jpg\" alt=\"\" width=\"960\" height=\"1280\" srcset=\"https:\/\/todoapulmon-rafaela.com\/wp-content\/uploads\/2023\/07\/Contu-Lara-Cande.jpg 960w, https:\/\/todoapulmon-rafaela.com\/wp-content\/uploads\/2023\/07\/Contu-Lara-Cande-225x300.jpg 225w\" sizes=\"(max-width: 960px) 100vw, 960px\" \/><\/p>\n","protected":false},"excerpt":{"rendered":"<p>Este s\u00e1bado finaliz\u00f3 el Campeonato Regional de pat\u00edn de la Divisional C en el El Tr\u00e9bol, donde cumplieron una destacada<\/p>\n","protected":false},"author":2,"featured_media":41309,"comment_status":"closed","ping_status":"closed","sticky":false,"template":"","format":"standard","meta":{"footnotes":""},"categories":[30],"tags":[],"class_list":["post-41302","post","type-post","status-publish","format-standard","has-post-thumbnail","hentry","category-patin"],"cc_featured_image_caption":{"caption_text":"","source_text":"","source_url":""},"_links":{"self":[{"href":"https:\/\/todoapulmon-rafaela.com\/index.php\/wp-json\/wp\/v2\/posts\/41302"}],"collection":[{"href":"https:\/\/todoapulmon-rafaela.com\/index.php\/wp-json\/wp\/v2\/posts"}],"about":[{"href":"https:\/\/todoapulmon-rafaela.com\/index.php\/wp-json\/wp\/v2\/types\/post"}],"author":[{"embeddable":true,"href":"https:\/\/todoapulmon-rafaela.com\/index.php\/wp-json\/wp\/v2\/users\/2"}],"replies":[{"embeddable":true,"href":"https:\/\/todoapulmon-rafaela.com\/index.php\/wp-json\/wp\/v2\/comments?post=41302"}],"version-history":[{"count":1,"href":"https:\/\/todoapulmon-rafaela.com\/index.php\/wp-json\/wp\/v2\/posts\/41302\/revisions"}],"predecessor-version":[{"id":41307,"href":"https:\/\/todoapulmon-rafaela.com\/index.php\/wp-json\/wp\/v2\/posts\/41302\/revisions\/41307"}],"wp:featuredmedia":[{"embeddable":true,"href":"https:\/\/todoapulmon-rafaela.com\/index.php\/wp-json\/wp\/v2\/media\/41309"}],"wp:attachment":[{"href":"https:\/\/todoapulmon-rafaela.com\/index.php\/wp-json\/wp\/v2\/media?parent=41302"}],"wp:term":[{"taxonomy":"category","embeddable":true,"href":"https:\/\/todoapulmon-rafaela.com\/index.php\/wp-json\/wp\/v2\/categories?post=41302"},{"taxonomy":"post_tag","embeddable":true,"href":"https:\/\/todoapulmon-rafaela.com\/index.php\/wp-json\/wp\/v2\/tags?post=41302"}],"curies":[{"name":"wp","href":"https:\/\/api.w.org\/{rel}","templated":true}]}}