{"id":4128,"date":"2016-12-23T12:54:37","date_gmt":"2016-12-23T12:54:37","guid":{"rendered":"http:\/\/todoapulmon-rafaela.com\/?p=4128"},"modified":"2016-12-23T12:54:37","modified_gmt":"2016-12-23T12:54:37","slug":"ir-al-mundial-seria-la-meta-pero-hay-otras-cosas-antes","status":"publish","type":"post","link":"https:\/\/todoapulmon-rafaela.com\/index.php\/2016\/12\/23\/ir-al-mundial-seria-la-meta-pero-hay-otras-cosas-antes\/","title":{"rendered":"\u00abIr al Mundial ser\u00eda la meta, pero hay otras cosas antes\u00bb"},"content":{"rendered":"<p>En Todo a Pulm\u00f3n radio de este jueves dialogamos con Mayco Vivas. El primera l\u00ednea de CRAR que integra el seleccionado argentino juvenil hizo un balance de su muy buen a\u00f1o y manifest\u00f3 sus aspiraciones para 2017.<br \/>\nEn la nota reconoci\u00f3 que \u00abla verdad, no me imaginaba cuando empez\u00f3 este a\u00f1o que me iba ir tan bien. Antes del Argentino Juvenil, lo \u00fanico que quer\u00eda era jugar en el seleccionado de Santa Fe. Hicimos un muy buen torneo y ah\u00ed se fue dando todo\u00bb.<br \/>\nA partir de ah\u00ed, empezaron a abrirse algunas puertas a nivel nacional. \u00abLa primera convocatoria, para la concentraci\u00f3n en Hind\u00fa, la recib\u00ed justo un jueves que era el d\u00eda de mi cumplea\u00f1os, y fue un lindo regalo extra\u00bb, record\u00f3.<br \/>\nEn referencia a las experiencias vividas hasta el momento con Los Pumitas, coment\u00f3 que \u00abla verdad encontr\u00e9 un grupo amigable, solidario, muy contento por todo\u00bb.<br \/>\nSobre cu\u00e1les vivencias de la temporada con Los Pumitas fueron las m\u00e1s valiosas en un aspecto general, puntualiz\u00f3 que \u00ablo de Uruguay (t\u00edtulo Sudamericano) fueron dos d\u00edas, creo que disfrut\u00e9 mas lo de Rosario, pero todas fueron lindas. En la \u00faltima que hicimos este mes en Carlos Paz, el objetivo fue mas para unir al grupo, no hicimos nada de rugby\u00bb.<br \/>\nEn 2016 tambi\u00e9n tuvo su momento el debut en la primera divisi\u00f3n de CRAR. \u00abLo viv\u00ed muy bien, a pesar del descenso, me gust\u00f3 mucho debutar en la primera del club\u00bb.<br \/>\nEl a\u00f1o que est\u00e1 a poco de comenzar lo encontrar\u00e1 ante importantes desaf\u00edos. Consultado sobre ello, Mayco expres\u00f3 que \u00abir al mundial (en Georgia) ser\u00eda la meta, pero hay otras cosas antes. En mi posici\u00f3n hay bastante competencia y habr\u00e1 que seguir trabajando mucho\u00bb.<br \/>\nEl p\u00e1rrafo final es sobre su futuro a nivel Club. El juvenil admiti\u00f3 que hay una posibilidad de continuar su carrera en Atl\u00e9tico del Rosario. \u00abSi, pero todav\u00eda no se sabe que pasar\u00e1. No hay nada asegurado todav\u00eda\u00bb, finaliz\u00f3 el pilar del C\u00edrculo Rafaelino.<\/p>\n<p>Este es el audio de la nota:<\/p>\n<!--[if lt IE 9]><script>document.createElement('audio');<\/script><![endif]-->\n<audio class=\"wp-audio-shortcode\" id=\"audio-4128-1\" preload=\"none\" style=\"width: 100%;\" controls=\"controls\"><source type=\"audio\/mpeg\" src=\"http:\/\/todoapulmon-rafaela.com\/wp-content\/uploads\/2016\/12\/22-12-16-VIVAS-RUGBY.mp3?_=1\" \/><a href=\"http:\/\/todoapulmon-rafaela.com\/wp-content\/uploads\/2016\/12\/22-12-16-VIVAS-RUGBY.mp3\">http:\/\/todoapulmon-rafaela.com\/wp-content\/uploads\/2016\/12\/22-12-16-VIVAS-RUGBY.mp3<\/a><\/audio>\n","protected":false},"excerpt":{"rendered":"<p>En Todo a Pulm\u00f3n radio de este jueves dialogamos con Mayco Vivas. El primera l\u00ednea de CRAR que integra el<\/p>\n","protected":false},"author":2,"featured_media":4129,"comment_status":"open","ping_status":"open","sticky":false,"template":"","format":"standard","meta":{"footnotes":""},"categories":[24,2],"tags":[],"class_list":["post-4128","post","type-post","status-publish","format-standard","has-post-thumbnail","hentry","category-noticias-destacadas","category-rugby"],"cc_featured_image_caption":{"caption_text":"Mayco Vivas vivi\u00f3 un a\u00f1o de grandes satisfacciones.","source_text":"","source_url":""},"_links":{"self":[{"href":"https:\/\/todoapulmon-rafaela.com\/index.php\/wp-json\/wp\/v2\/posts\/4128"}],"collection":[{"href":"https:\/\/todoapulmon-rafaela.com\/index.php\/wp-json\/wp\/v2\/posts"}],"about":[{"href":"https:\/\/todoapulmon-rafaela.com\/index.php\/wp-json\/wp\/v2\/types\/post"}],"author":[{"embeddable":true,"href":"https:\/\/todoapulmon-rafaela.com\/index.php\/wp-json\/wp\/v2\/users\/2"}],"replies":[{"embeddable":true,"href":"https:\/\/todoapulmon-rafaela.com\/index.php\/wp-json\/wp\/v2\/comments?post=4128"}],"version-history":[{"count":1,"href":"https:\/\/todoapulmon-rafaela.com\/index.php\/wp-json\/wp\/v2\/posts\/4128\/revisions"}],"predecessor-version":[{"id":4131,"href":"https:\/\/todoapulmon-rafaela.com\/index.php\/wp-json\/wp\/v2\/posts\/4128\/revisions\/4131"}],"wp:featuredmedia":[{"embeddable":true,"href":"https:\/\/todoapulmon-rafaela.com\/index.php\/wp-json\/wp\/v2\/media\/4129"}],"wp:attachment":[{"href":"https:\/\/todoapulmon-rafaela.com\/index.php\/wp-json\/wp\/v2\/media?parent=4128"}],"wp:term":[{"taxonomy":"category","embeddable":true,"href":"https:\/\/todoapulmon-rafaela.com\/index.php\/wp-json\/wp\/v2\/categories?post=4128"},{"taxonomy":"post_tag","embeddable":true,"href":"https:\/\/todoapulmon-rafaela.com\/index.php\/wp-json\/wp\/v2\/tags?post=4128"}],"curies":[{"name":"wp","href":"https:\/\/api.w.org\/{rel}","templated":true}]}}