{"id":41187,"date":"2023-07-11T17:09:40","date_gmt":"2023-07-11T17:09:40","guid":{"rendered":"https:\/\/todoapulmon-rafaela.com\/?p=41187"},"modified":"2023-07-11T17:13:44","modified_gmt":"2023-07-11T17:13:44","slug":"arqueros-rafaelinos-fueron-locales-y-con-buenos-resultados","status":"publish","type":"post","link":"https:\/\/todoapulmon-rafaela.com\/index.php\/2023\/07\/11\/arqueros-rafaelinos-fueron-locales-y-con-buenos-resultados\/","title":{"rendered":"Arqueros rafaelinos fueron locales y con buenos resultados"},"content":{"rendered":"<p>Una vez m\u00e1s la ciudad de Rafaela fue anfitriona del Torneo de Arquer\u00eda de Sala Homologatorio Rankeable avalado por FATARCO, el domingo 9 de Julio.<br \/>\nDicho torneo se realiz\u00f3 en el gimnasio del CEF 53, organizado por el Tiro Federal Argentina de Rafaela, donde participaron 117 arqueros de 16 clubes pertenecientes a la zona Litoral. Fue una exitosa e intensa jornada la cual comenz\u00f3 desde las primeras horas de la ma\u00f1ana, extendi\u00e9ndose hasta media tarde donde los arqueros pudieron demostrar su talento y pasi\u00f3n por este deporte.<\/p>\n<p><img loading=\"lazy\" decoding=\"async\" class=\"alignnone size-full wp-image-41191\" src=\"https:\/\/todoapulmon-rafaela.com\/wp-content\/uploads\/2023\/07\/Arqueria-Torneo-Rafaela-3.jpg\" alt=\"\" width=\"1051\" height=\"1101\" srcset=\"https:\/\/todoapulmon-rafaela.com\/wp-content\/uploads\/2023\/07\/Arqueria-Torneo-Rafaela-3.jpg 1051w, https:\/\/todoapulmon-rafaela.com\/wp-content\/uploads\/2023\/07\/Arqueria-Torneo-Rafaela-3-286x300.jpg 286w\" sizes=\"(max-width: 1051px) 100vw, 1051px\" \/><\/p>\n<p>Los arqueros de nuestra ciudad que representan al Tiro Federal Argentino obtuvieron buenos resultados, de acuerdo al siguiente detalle:<\/p>\n<p>Categor\u00eda COMPUESTO SENIOR<\/p>\n<p>Gandolfo Joaqu\u00edn (2do puesto)<br \/>\nCarelli Mauro (5to puesto)<br \/>\nSandoval Javier (7mo puesto)<\/p>\n<p>RECURVO ESCUELA E40<\/p>\n<p>Molinaro Gervasio (2do puesto)<\/p>\n<p>RECURVO ESCUELA E60<\/p>\n<p>Pogonza Agustina (5to puesto)<br \/>\nZurbera Maximiliano (10mo puesto)<br \/>\nBianchotti Maximiliano (11mo puesto)<\/p>\n<p><img loading=\"lazy\" decoding=\"async\" class=\"alignnone size-full wp-image-41192\" src=\"https:\/\/todoapulmon-rafaela.com\/wp-content\/uploads\/2023\/07\/Arqueria-Torneo-Rafaela-2.jpg\" alt=\"\" width=\"1051\" height=\"1105\" srcset=\"https:\/\/todoapulmon-rafaela.com\/wp-content\/uploads\/2023\/07\/Arqueria-Torneo-Rafaela-2.jpg 1051w, https:\/\/todoapulmon-rafaela.com\/wp-content\/uploads\/2023\/07\/Arqueria-Torneo-Rafaela-2-285x300.jpg 285w\" sizes=\"(max-width: 1051px) 100vw, 1051px\" \/><\/p>\n<p>BAREBOW E60<\/p>\n<p>Rocco Emiliano (5to puesto)<\/p>\n<p>INFANTILES:<br \/>\nVazquez Lucas (2do puesto)<br \/>\nLlodr\u00e1 Mateo (3er puesto)<\/p>\n<p>RECURVO ESCUELA E80<\/p>\n<p>Imhoff Gonzalo (1er puesto)<br \/>\nCerquetti Sebasti\u00e1n (5to puesto)<br \/>\nGalimberti Gustavo (7mo puesto)<br \/>\nRivarossa Mart\u00edn (8vo puesto)<br \/>\nMedr\u00e1n Mar\u00eda Mercedez (11mo puesto)<br \/>\nFranco Ayel\u00e9n (13er puesto)<br \/>\nLensiza Leonardo (18vo puesto)<\/p>\n<p><img loading=\"lazy\" decoding=\"async\" class=\"alignnone size-full wp-image-41194\" src=\"https:\/\/todoapulmon-rafaela.com\/wp-content\/uploads\/2023\/07\/Arqueria-torneo-Rafaela.jpg\" alt=\"\" width=\"1051\" height=\"1026\" srcset=\"https:\/\/todoapulmon-rafaela.com\/wp-content\/uploads\/2023\/07\/Arqueria-torneo-Rafaela.jpg 1051w, https:\/\/todoapulmon-rafaela.com\/wp-content\/uploads\/2023\/07\/Arqueria-torneo-Rafaela-300x293.jpg 300w\" sizes=\"(max-width: 1051px) 100vw, 1051px\" \/><\/p>\n<p>BAREBOW E80<\/p>\n<p>Gutierrez Rub\u00e9n (4to puesto)<\/p>\n<p>Los organizadores expresaron su agradecimiento a todas las personas y empresas que colaboraron en el desarrollo de esta actividad y en especial al CEF 53.<\/p>\n<p>Quienes quieran participar de esta hermosa disciplina pueden acercarse al Tiro Federal Argentino de Rafaela, en Av. Arist\u00f3bulo del Valle 2016, los d\u00edas martes y viernes a las 16.30hs para hablar con los profesores a cargo.<\/p>\n","protected":false},"excerpt":{"rendered":"<p>Una vez m\u00e1s la ciudad de Rafaela fue anfitriona del Torneo de Arquer\u00eda de Sala Homologatorio Rankeable avalado por FATARCO,<\/p>\n","protected":false},"author":2,"featured_media":41190,"comment_status":"closed","ping_status":"closed","sticky":false,"template":"","format":"standard","meta":{"footnotes":""},"categories":[24],"tags":[],"class_list":["post-41187","post","type-post","status-publish","format-standard","has-post-thumbnail","hentry","category-noticias-destacadas"],"cc_featured_image_caption":{"caption_text":"FOTO PRENSA TIRO FEDERAL","source_text":"","source_url":""},"_links":{"self":[{"href":"https:\/\/todoapulmon-rafaela.com\/index.php\/wp-json\/wp\/v2\/posts\/41187"}],"collection":[{"href":"https:\/\/todoapulmon-rafaela.com\/index.php\/wp-json\/wp\/v2\/posts"}],"about":[{"href":"https:\/\/todoapulmon-rafaela.com\/index.php\/wp-json\/wp\/v2\/types\/post"}],"author":[{"embeddable":true,"href":"https:\/\/todoapulmon-rafaela.com\/index.php\/wp-json\/wp\/v2\/users\/2"}],"replies":[{"embeddable":true,"href":"https:\/\/todoapulmon-rafaela.com\/index.php\/wp-json\/wp\/v2\/comments?post=41187"}],"version-history":[{"count":5,"href":"https:\/\/todoapulmon-rafaela.com\/index.php\/wp-json\/wp\/v2\/posts\/41187\/revisions"}],"predecessor-version":[{"id":41197,"href":"https:\/\/todoapulmon-rafaela.com\/index.php\/wp-json\/wp\/v2\/posts\/41187\/revisions\/41197"}],"wp:featuredmedia":[{"embeddable":true,"href":"https:\/\/todoapulmon-rafaela.com\/index.php\/wp-json\/wp\/v2\/media\/41190"}],"wp:attachment":[{"href":"https:\/\/todoapulmon-rafaela.com\/index.php\/wp-json\/wp\/v2\/media?parent=41187"}],"wp:term":[{"taxonomy":"category","embeddable":true,"href":"https:\/\/todoapulmon-rafaela.com\/index.php\/wp-json\/wp\/v2\/categories?post=41187"},{"taxonomy":"post_tag","embeddable":true,"href":"https:\/\/todoapulmon-rafaela.com\/index.php\/wp-json\/wp\/v2\/tags?post=41187"}],"curies":[{"name":"wp","href":"https:\/\/api.w.org\/{rel}","templated":true}]}}