{"id":41180,"date":"2023-07-11T14:17:37","date_gmt":"2023-07-11T14:17:37","guid":{"rendered":"https:\/\/todoapulmon-rafaela.com\/?p=41180"},"modified":"2023-07-11T14:36:12","modified_gmt":"2023-07-11T14:36:12","slug":"el-fixture-completo-de-ben-hur-e-independiente-en-la-copa-santa-fe","status":"publish","type":"post","link":"https:\/\/todoapulmon-rafaela.com\/index.php\/2023\/07\/11\/el-fixture-completo-de-ben-hur-e-independiente-en-la-copa-santa-fe\/","title":{"rendered":"El fixture completo de Ben Hur e Independiente en la Copa Santa Fe"},"content":{"rendered":"<p>Se dieron a conocer todas las fechas de la etapa regular de la Copa Santa Fe para los clubes que participar\u00e1n en la etapa Federativa, instancia en la que participar\u00e1n Ben Hur e Independiente de nuestra ciudad. Luego, en las siguientes rondas se sumar\u00e1 Libertad de Sunchales.<\/p>\n<p>Cabe acotar que en la primera fase se disputar\u00e1n cuadrangulares donde se medir\u00e1n todos contra todos a dos ruedas, pero tambi\u00e9n se jugar\u00e1n interzonales. Eso posibilitar\u00e1 que los clubes de nuestra ciudad se enfrenten, tambi\u00e9n en ida y vuelta, para tener una ronda inicial de ocho partidos.<\/p>\n<p>El viernes la BH recibir\u00e1 a Racing de San Crist\u00f3bal en el inicio de la Zona B, mientras que Independiente visitar\u00e1 al CACU de Ceres en la Zona A.<\/p>\n<p>Este es el fixture de los grupos que integran los equipos de nuestra ciudad:<\/p>\n<p><img loading=\"lazy\" decoding=\"async\" class=\"alignnone size-full wp-image-41181\" src=\"https:\/\/todoapulmon-rafaela.com\/wp-content\/uploads\/2023\/07\/Screenshot_20230711-105851_Chrome1.jpg\" alt=\"\" width=\"690\" height=\"713\" srcset=\"https:\/\/todoapulmon-rafaela.com\/wp-content\/uploads\/2023\/07\/Screenshot_20230711-105851_Chrome1.jpg 690w, https:\/\/todoapulmon-rafaela.com\/wp-content\/uploads\/2023\/07\/Screenshot_20230711-105851_Chrome1-290x300.jpg 290w\" sizes=\"(max-width: 690px) 100vw, 690px\" \/><\/p>\n<p><img loading=\"lazy\" decoding=\"async\" class=\"alignnone size-full wp-image-41182\" src=\"https:\/\/todoapulmon-rafaela.com\/wp-content\/uploads\/2023\/07\/Screenshot_20230711-105901_Chrome1.jpg\" alt=\"\" width=\"671\" height=\"719\" srcset=\"https:\/\/todoapulmon-rafaela.com\/wp-content\/uploads\/2023\/07\/Screenshot_20230711-105901_Chrome1.jpg 671w, https:\/\/todoapulmon-rafaela.com\/wp-content\/uploads\/2023\/07\/Screenshot_20230711-105901_Chrome1-280x300.jpg 280w\" sizes=\"(max-width: 671px) 100vw, 671px\" \/><\/p>\n<p>&nbsp;<\/p>\n","protected":false},"excerpt":{"rendered":"<p>Se dieron a conocer todas las fechas de la etapa regular de la Copa Santa Fe para los clubes que<\/p>\n","protected":false},"author":2,"featured_media":41183,"comment_status":"closed","ping_status":"closed","sticky":false,"template":"","format":"standard","meta":{"footnotes":""},"categories":[5,24],"tags":[],"class_list":["post-41180","post","type-post","status-publish","format-standard","has-post-thumbnail","hentry","category-basquet","category-noticias-destacadas"],"cc_featured_image_caption":{"caption_text":"","source_text":"","source_url":""},"_links":{"self":[{"href":"https:\/\/todoapulmon-rafaela.com\/index.php\/wp-json\/wp\/v2\/posts\/41180"}],"collection":[{"href":"https:\/\/todoapulmon-rafaela.com\/index.php\/wp-json\/wp\/v2\/posts"}],"about":[{"href":"https:\/\/todoapulmon-rafaela.com\/index.php\/wp-json\/wp\/v2\/types\/post"}],"author":[{"embeddable":true,"href":"https:\/\/todoapulmon-rafaela.com\/index.php\/wp-json\/wp\/v2\/users\/2"}],"replies":[{"embeddable":true,"href":"https:\/\/todoapulmon-rafaela.com\/index.php\/wp-json\/wp\/v2\/comments?post=41180"}],"version-history":[{"count":3,"href":"https:\/\/todoapulmon-rafaela.com\/index.php\/wp-json\/wp\/v2\/posts\/41180\/revisions"}],"predecessor-version":[{"id":41186,"href":"https:\/\/todoapulmon-rafaela.com\/index.php\/wp-json\/wp\/v2\/posts\/41180\/revisions\/41186"}],"wp:featuredmedia":[{"embeddable":true,"href":"https:\/\/todoapulmon-rafaela.com\/index.php\/wp-json\/wp\/v2\/media\/41183"}],"wp:attachment":[{"href":"https:\/\/todoapulmon-rafaela.com\/index.php\/wp-json\/wp\/v2\/media?parent=41180"}],"wp:term":[{"taxonomy":"category","embeddable":true,"href":"https:\/\/todoapulmon-rafaela.com\/index.php\/wp-json\/wp\/v2\/categories?post=41180"},{"taxonomy":"post_tag","embeddable":true,"href":"https:\/\/todoapulmon-rafaela.com\/index.php\/wp-json\/wp\/v2\/tags?post=41180"}],"curies":[{"name":"wp","href":"https:\/\/api.w.org\/{rel}","templated":true}]}}