{"id":41162,"date":"2023-07-10T16:25:45","date_gmt":"2023-07-10T16:25:45","guid":{"rendered":"https:\/\/todoapulmon-rafaela.com\/?p=41162"},"modified":"2023-07-10T16:25:45","modified_gmt":"2023-07-10T16:25:45","slug":"triunfo-de-german-fernandez-en-los-10k-de-santa-fe","status":"publish","type":"post","link":"https:\/\/todoapulmon-rafaela.com\/index.php\/2023\/07\/10\/triunfo-de-german-fernandez-en-los-10k-de-santa-fe\/","title":{"rendered":"Triunfo de Germ\u00e1n Fern\u00e1ndez en los 10k de Santa Fe"},"content":{"rendered":"<p>Este domingo se corri\u00f3 en Santa Fe la prueba atl\u00e9tica \u00abD\u00eda de la Independencia\u00bb en 5, 10 y 21k, con victoria para el rafaelino Germ\u00e1n Fern\u00e1ndez en los 10.000 metros. Su tiempo fue de 32m 43s.<\/p>\n<p>En esta misma distancia tambi\u00e9n tuvieron meritoria performance Santiago Eberhardt y Alfredo Brega, llegando cuarto sexto en la general, respectivamente con 36m 59s y 37m 55s. El primero fue segundo en 30-34 y Brega gan\u00f3 la categor\u00eda de 25-29.<\/p>\n<p>En 21k, Santiago E\u00f1iguez se impuso en la categor\u00eda de 20-24 a\u00f1os con 1h 28m 53s, mencionando algunas participaciones rafaelinas m\u00e1s destacadas.<\/p>\n","protected":false},"excerpt":{"rendered":"<p>Este domingo se corri\u00f3 en Santa Fe la prueba atl\u00e9tica \u00abD\u00eda de la Independencia\u00bb en 5, 10 y 21k, con<\/p>\n","protected":false},"author":2,"featured_media":41163,"comment_status":"closed","ping_status":"closed","sticky":false,"template":"","format":"standard","meta":{"footnotes":""},"categories":[7,24],"tags":[],"class_list":["post-41162","post","type-post","status-publish","format-standard","has-post-thumbnail","hentry","category-atletismo","category-noticias-destacadas"],"cc_featured_image_caption":{"caption_text":"Foto Laptime","source_text":"","source_url":""},"_links":{"self":[{"href":"https:\/\/todoapulmon-rafaela.com\/index.php\/wp-json\/wp\/v2\/posts\/41162"}],"collection":[{"href":"https:\/\/todoapulmon-rafaela.com\/index.php\/wp-json\/wp\/v2\/posts"}],"about":[{"href":"https:\/\/todoapulmon-rafaela.com\/index.php\/wp-json\/wp\/v2\/types\/post"}],"author":[{"embeddable":true,"href":"https:\/\/todoapulmon-rafaela.com\/index.php\/wp-json\/wp\/v2\/users\/2"}],"replies":[{"embeddable":true,"href":"https:\/\/todoapulmon-rafaela.com\/index.php\/wp-json\/wp\/v2\/comments?post=41162"}],"version-history":[{"count":1,"href":"https:\/\/todoapulmon-rafaela.com\/index.php\/wp-json\/wp\/v2\/posts\/41162\/revisions"}],"predecessor-version":[{"id":41164,"href":"https:\/\/todoapulmon-rafaela.com\/index.php\/wp-json\/wp\/v2\/posts\/41162\/revisions\/41164"}],"wp:featuredmedia":[{"embeddable":true,"href":"https:\/\/todoapulmon-rafaela.com\/index.php\/wp-json\/wp\/v2\/media\/41163"}],"wp:attachment":[{"href":"https:\/\/todoapulmon-rafaela.com\/index.php\/wp-json\/wp\/v2\/media?parent=41162"}],"wp:term":[{"taxonomy":"category","embeddable":true,"href":"https:\/\/todoapulmon-rafaela.com\/index.php\/wp-json\/wp\/v2\/categories?post=41162"},{"taxonomy":"post_tag","embeddable":true,"href":"https:\/\/todoapulmon-rafaela.com\/index.php\/wp-json\/wp\/v2\/tags?post=41162"}],"curies":[{"name":"wp","href":"https:\/\/api.w.org\/{rel}","templated":true}]}}