{"id":41158,"date":"2023-07-10T12:10:44","date_gmt":"2023-07-10T12:10:44","guid":{"rendered":"https:\/\/todoapulmon-rafaela.com\/?p=41158"},"modified":"2023-07-10T12:12:11","modified_gmt":"2023-07-10T12:12:11","slug":"delfina-gentinetta-en-una-nueva-concentracion-de-la-preseleccion-3x3","status":"publish","type":"post","link":"https:\/\/todoapulmon-rafaela.com\/index.php\/2023\/07\/10\/delfina-gentinetta-en-una-nueva-concentracion-de-la-preseleccion-3x3\/","title":{"rendered":"Delfina Gentinetta en una nueva concentraci\u00f3n de la preselecci\u00f3n 3&#215;3"},"content":{"rendered":"<p>Del 10 al 12 de julio se realiza una nueva concentraci\u00f3n de la disciplina 3&#215;3 para las preselecciones U23 y Mayores, tanto femenina como masculina. El campamento tiene como sede la ciudad de Venado Tuerto.<\/p>\n<p>Durante estos tres d\u00edas la actividad se centrar\u00e1 en el Club Deportivo Atenas y la din\u00e1mica de los entrenamientos ser\u00e1 de doble turno, comenzando en d\u00eda lunes a las 10.30 horas. E<strong>l objetivo est\u00e1 puesto en la Nations League y los Juegos Panamericanos.<\/strong><\/p>\n<p>Tal como sucedi\u00f3 en la concentraci\u00f3n llevada a cabo en el Cenard en el mes de junio, la lista femenina est\u00e1 conformada por: Agustina Baz\u00e1n, Camila Peri, Pilar Carra, Delfina Fasciolo, Melina Niz, Abril Romagnoli y la rafaelina Delfina Gentinetta.<\/p>\n<p>En tanto, los convocados por los varones son: Ger\u00f3nimo Ramallo, Felipe Bonfigli, Juan Cruz Frontera, Facundo Campos, Mart\u00edn Molina Flores, Mateo Brarda, Sebasti\u00e1n Braida y Franco Ciarroca.<\/p>\n<p>Los entrenadores ser\u00e1n Sof\u00eda Castillo, Luciano Sant\u00edn y Leandro Tesido, mientras que la Coordinaci\u00f3n General estar\u00e1 bajo el cargo de Carlos Spellanzon.<\/p>\n<p><strong>Preselecci\u00f3n Femenina 3&#215;3<\/strong><br \/>\nAgustina Baz\u00e1n | Club Atl\u00e9tico Yale (Uruguay)<br \/>\nCamila Peri | Libre<br \/>\nPilar Carra | Ferrocarril Oeste<br \/>\nDelfina Fasciolo | Berazategui<br \/>\nAbril Romagnoli | Ferrocarril Oeste<br \/>\nMelina Niz | Espa\u00f1ola San Vicente<br \/>\nDelfina Gentinetta | Berazategui<\/p>\n<p><strong>Preselecci\u00f3n Masculina 3&#215;3<\/strong><br \/>\nFelipe Bonfigli | Pico FC<br \/>\nFranco Ciarroca | Obras Sanitarias<br \/>\nJuan Cruz Frontera | Instituto Central C\u00f3rdoba<br \/>\nGer\u00f3nimo Ramallo | Sport Club Ca\u00f1adense<br \/>\nFacundo Campos | Quimsa<br \/>\nMart\u00edn Molina Flores | Atenas de Venado Tuerto<br \/>\nMateo Brarda | Independiente de Oliva<br \/>\nSebasti\u00e1n Braida | Sportivo Suardi<\/p>\n","protected":false},"excerpt":{"rendered":"<p>Del 10 al 12 de julio se realiza una nueva concentraci\u00f3n de la disciplina 3&#215;3 para las preselecciones U23 y<\/p>\n","protected":false},"author":2,"featured_media":41159,"comment_status":"closed","ping_status":"closed","sticky":false,"template":"","format":"standard","meta":{"footnotes":""},"categories":[5,24],"tags":[],"class_list":["post-41158","post","type-post","status-publish","format-standard","has-post-thumbnail","hentry","category-basquet","category-noticias-destacadas"],"cc_featured_image_caption":{"caption_text":"FOTO PRENSA CAB","source_text":"","source_url":""},"_links":{"self":[{"href":"https:\/\/todoapulmon-rafaela.com\/index.php\/wp-json\/wp\/v2\/posts\/41158"}],"collection":[{"href":"https:\/\/todoapulmon-rafaela.com\/index.php\/wp-json\/wp\/v2\/posts"}],"about":[{"href":"https:\/\/todoapulmon-rafaela.com\/index.php\/wp-json\/wp\/v2\/types\/post"}],"author":[{"embeddable":true,"href":"https:\/\/todoapulmon-rafaela.com\/index.php\/wp-json\/wp\/v2\/users\/2"}],"replies":[{"embeddable":true,"href":"https:\/\/todoapulmon-rafaela.com\/index.php\/wp-json\/wp\/v2\/comments?post=41158"}],"version-history":[{"count":2,"href":"https:\/\/todoapulmon-rafaela.com\/index.php\/wp-json\/wp\/v2\/posts\/41158\/revisions"}],"predecessor-version":[{"id":41161,"href":"https:\/\/todoapulmon-rafaela.com\/index.php\/wp-json\/wp\/v2\/posts\/41158\/revisions\/41161"}],"wp:featuredmedia":[{"embeddable":true,"href":"https:\/\/todoapulmon-rafaela.com\/index.php\/wp-json\/wp\/v2\/media\/41159"}],"wp:attachment":[{"href":"https:\/\/todoapulmon-rafaela.com\/index.php\/wp-json\/wp\/v2\/media?parent=41158"}],"wp:term":[{"taxonomy":"category","embeddable":true,"href":"https:\/\/todoapulmon-rafaela.com\/index.php\/wp-json\/wp\/v2\/categories?post=41158"},{"taxonomy":"post_tag","embeddable":true,"href":"https:\/\/todoapulmon-rafaela.com\/index.php\/wp-json\/wp\/v2\/tags?post=41158"}],"curies":[{"name":"wp","href":"https:\/\/api.w.org\/{rel}","templated":true}]}}