{"id":41149,"date":"2023-07-10T11:14:47","date_gmt":"2023-07-10T11:14:47","guid":{"rendered":"https:\/\/todoapulmon-rafaela.com\/?p=41149"},"modified":"2023-07-10T11:14:47","modified_gmt":"2023-07-10T11:14:47","slug":"almagro-acelera-gestiones-para-el-proyecto-del-nuevo-gimnasio","status":"publish","type":"post","link":"https:\/\/todoapulmon-rafaela.com\/index.php\/2023\/07\/10\/almagro-acelera-gestiones-para-el-proyecto-del-nuevo-gimnasio\/","title":{"rendered":"Almagro acelera gestiones para el proyecto del nuevo gimnasio"},"content":{"rendered":"<p>Durante el fin de semana el Club Almagro tuvo una intensa actividad en sus instalaciones. El s\u00e1bado se desarroll\u00f3 el tradicional Festival de Pat\u00edn que cont\u00f3 con m\u00e1s de 200 patinadoras presentes de ocho instituciones, ante una concurrrencia de 500 personas, mientras que el domingo se realiz\u00f3 una jornada recreativa en el predio de barrio Villa Podio, con representantes de todas las disciplinas de la instituci\u00f3n.<\/p>\n<p>En ese espacio, Almagro tiene proyectado construir su nuevo gimnasio que significar\u00eda un enorme salto en su objetivo de continuar expandiendo el caudal de deportistas y actividades.<\/p>\n<p>En tal sentido, el presidente Fabi\u00e1n Morel nos cont\u00f3 que \u00abel nuevo gimnasio es sumamente necesario para nosotros ya que la capacidad en la sede de calle Garibaldi est\u00e1 totalmente colapsada gracias a la cantidad de chicos que tenemos en todas las disciplinas\u00bb.<\/p>\n<div style=\"width: 800px;\" class=\"wp-video\"><!--[if lt IE 9]><script>document.createElement('video');<\/script><![endif]-->\n<video class=\"wp-video-shortcode\" id=\"video-41149-1\" width=\"800\" height=\"450\" preload=\"metadata\" controls=\"controls\"><source type=\"video\/mp4\" src=\"https:\/\/todoapulmon-rafaela.com\/wp-content\/uploads\/2023\/07\/20230709_1610281.mp4?_=1\" \/><a href=\"https:\/\/todoapulmon-rafaela.com\/wp-content\/uploads\/2023\/07\/20230709_1610281.mp4\">https:\/\/todoapulmon-rafaela.com\/wp-content\/uploads\/2023\/07\/20230709_1610281.mp4<\/a><\/video><\/div>\n<p>Sobre los pasos realizados y por venir, manifest\u00f3 que \u00abla Municipalidad, con la aprobaci\u00f3n del Concejo, ya nos ha cedido los terrenos, ya est\u00e1n las escrituras a nuestro nombre, mientras que el Club est\u00e1 haciendo las gestiones para conseguir fondos a nivel local, provincial y nacional. Ser\u00eda el puntapi\u00e9 inicial para comenzar la obra, y despu\u00e9s con recursos propios o aportes privados tendr\u00eda continuidad en este lugar\u00bb.<\/p>\n<p>En cuanto a las disciplinas que van a realizarse, expres\u00f3 que \u00aben este sector vamos a trasladar todo lo que es pat\u00edn, voley y handball, con un sal\u00f3n de 35 x 50 metros donde conseguir\u00edamos tener las canchas oficiales de 20 x 40 que son reglamentarias tanto para patin, handball y en un futuro futsal. Por supuesto que se podr\u00edan anexar otras actividades, y por la ma\u00f1ana y hasta las 6 de la tarde podr\u00edamos ceder el espacio a las Escuelas para realizar Edudaci\u00f3n F\u00edsica. Para el barrio ser\u00eda un progreso muy importante\u00bb.<\/p>\n<p><img loading=\"lazy\" decoding=\"async\" class=\"alignnone size-full wp-image-41153\" src=\"https:\/\/todoapulmon-rafaela.com\/wp-content\/uploads\/2023\/07\/Screenshot_20230710-080655_Gallery1.jpg\" alt=\"\" width=\"720\" height=\"1115\" srcset=\"https:\/\/todoapulmon-rafaela.com\/wp-content\/uploads\/2023\/07\/Screenshot_20230710-080655_Gallery1.jpg 720w, https:\/\/todoapulmon-rafaela.com\/wp-content\/uploads\/2023\/07\/Screenshot_20230710-080655_Gallery1-194x300.jpg 194w\" sizes=\"(max-width: 720px) 100vw, 720px\" \/><\/p>\n<p>Almagro cuenta actualmente con 650 deportistas en todas las disciplinas. A partir de contar con la obra anhelada, Morel explic\u00f3 que \u00abesa cifra podr\u00eda duplicarse o quiz\u00e1s m\u00e1s en un futuro. Tambi\u00e9n hay un proyecto en paralelo para construir una palestra de casi 12 metros para escalada deportiva, la ambici\u00f3n est\u00e1. Cuando nos entregaron estos lotes hab\u00eda una villa, y hoy contamos con esto. Nos corren los tiempos porque no tenemos mas lugar en el sal\u00f3n de calle Garibaldi, pero todo depender\u00e1 de como se vayan dando las cosas en el pa\u00eds y de los resultados de las gestiones que realizamos\u00bb.<\/p>\n","protected":false},"excerpt":{"rendered":"<p>Durante el fin de semana el Club Almagro tuvo una intensa actividad en sus instalaciones. El s\u00e1bado se desarroll\u00f3 el<\/p>\n","protected":false},"author":2,"featured_media":41151,"comment_status":"closed","ping_status":"closed","sticky":false,"template":"","format":"standard","meta":{"footnotes":""},"categories":[24],"tags":[],"class_list":["post-41149","post","type-post","status-publish","format-standard","has-post-thumbnail","hentry","category-noticias-destacadas"],"cc_featured_image_caption":{"caption_text":"","source_text":"","source_url":""},"_links":{"self":[{"href":"https:\/\/todoapulmon-rafaela.com\/index.php\/wp-json\/wp\/v2\/posts\/41149"}],"collection":[{"href":"https:\/\/todoapulmon-rafaela.com\/index.php\/wp-json\/wp\/v2\/posts"}],"about":[{"href":"https:\/\/todoapulmon-rafaela.com\/index.php\/wp-json\/wp\/v2\/types\/post"}],"author":[{"embeddable":true,"href":"https:\/\/todoapulmon-rafaela.com\/index.php\/wp-json\/wp\/v2\/users\/2"}],"replies":[{"embeddable":true,"href":"https:\/\/todoapulmon-rafaela.com\/index.php\/wp-json\/wp\/v2\/comments?post=41149"}],"version-history":[{"count":2,"href":"https:\/\/todoapulmon-rafaela.com\/index.php\/wp-json\/wp\/v2\/posts\/41149\/revisions"}],"predecessor-version":[{"id":41154,"href":"https:\/\/todoapulmon-rafaela.com\/index.php\/wp-json\/wp\/v2\/posts\/41149\/revisions\/41154"}],"wp:featuredmedia":[{"embeddable":true,"href":"https:\/\/todoapulmon-rafaela.com\/index.php\/wp-json\/wp\/v2\/media\/41151"}],"wp:attachment":[{"href":"https:\/\/todoapulmon-rafaela.com\/index.php\/wp-json\/wp\/v2\/media?parent=41149"}],"wp:term":[{"taxonomy":"category","embeddable":true,"href":"https:\/\/todoapulmon-rafaela.com\/index.php\/wp-json\/wp\/v2\/categories?post=41149"},{"taxonomy":"post_tag","embeddable":true,"href":"https:\/\/todoapulmon-rafaela.com\/index.php\/wp-json\/wp\/v2\/tags?post=41149"}],"curies":[{"name":"wp","href":"https:\/\/api.w.org\/{rel}","templated":true}]}}