{"id":41064,"date":"2023-07-07T12:03:00","date_gmt":"2023-07-07T12:03:00","guid":{"rendered":"https:\/\/todoapulmon-rafaela.com\/?p=41064"},"modified":"2023-07-07T12:03:00","modified_gmt":"2023-07-07T12:03:00","slug":"el-resultado-de-las-elecciones-produjo-un-cimbronazo-en-el-ciclismo-de-san-juan","status":"publish","type":"post","link":"https:\/\/todoapulmon-rafaela.com\/index.php\/2023\/07\/07\/el-resultado-de-las-elecciones-produjo-un-cimbronazo-en-el-ciclismo-de-san-juan\/","title":{"rendered":"El resultado de las elecciones produjo un cimbronazo en el ciclismo de San Juan"},"content":{"rendered":"<p>No caben dudas que San Juan es la provincia que vive con m\u00e1s pasi\u00f3n el ciclismo en Argentina. Hace pocos d\u00edas fue escenario del Panamericano de Pista, el nuevo vel\u00f3dromo techado ser\u00e1 escenario del Mundial en 2025, tiene equipos que participan a nivel internacional y adem\u00e1s organiza una Vuelta de prestigio en el verano. Pero los resultados de las elecciones del domingo pasado generaron en el plano deportivo una marcada incertidumbre.<\/p>\n<p>La Agrupaci\u00f3n Virgen de F\u00e1tima emiti\u00f3 un comunicado en el que confirma que \u201cdespu\u00e9s de m\u00e1s de 25 a\u00f1os de dedicaci\u00f3n y pasi\u00f3n en el ciclismo, nos vemos obligados a despedirnos del equipo continental Virgen de F\u00e1tima\u201d. De esta manera el equipo Piquetero, uno de los m\u00e1s importantes del ciclismo sanjuanino y que varias veces se coron\u00f3 campe\u00f3n de ruta, comenz\u00f3 a disolverse.<br \/>\nEl motivo de la disoluci\u00f3n del equipo es la falta de recursos econ\u00f3micos, en un momento financiero delicado.<br \/>\n\u201cLamentablemente, enfrentamos circunstancias adversas que nos han llevado a tomar esta dif\u00edcil decisi\u00f3n. A pesar de nuestros esfuerzos incansables y la pasi\u00f3n desbordante de todos los involucrados, mantener un equipo de esta envergadura requiere una inversi\u00f3n considerable de recursos financieros y log\u00edsticos\u201d.<br \/>\nA solo cinco d\u00edas de las elecciones del domingo pasado, en las que Marcelo Orrego se impuso como nuevo gobernador de San Juan, siguen sumando eventos o agrupaciones relacionadas con el deporte que dejar\u00e1n la actividad. Este jueves se supo que el equipo de ciclismo Gremios por el Deporte dejar\u00e1 de ser continental y que adem\u00e1s achicar\u00e1 su estructura.<br \/>\nEsto implica que la conducci\u00f3n del equipo debe afrontar los gastos de sueldo y seguros de 17 trabajadores, incluyendo a una decena de ciclistas y a los t\u00e9cnicos. Seg\u00fan Rolando Manzanelli (Secretario General del Gremio), esta es una erogaci\u00f3n que el equipo no podr\u00e1 sostener, por eso esperan que al dejar de ser continental los gastos se reduzcan considerablemente.<br \/>\nPero esto no es todo, porque seg\u00fan cont\u00f3 el gremialista, ya habl\u00f3 con el capit\u00e1n del equipo, el ciclista Laureano Rosas, y se comenz\u00f3 a pensar en achicar la estructura total del equipo. Todo esto con el objetivo de llegar a cerrar la ecuaci\u00f3n econ\u00f3mica de la agrupaci\u00f3n.<br \/>\nManzanelli evit\u00f3 dar precisiones sobre cu\u00e1nto aportaba el actual Gobierno para que el equipo funcione, pero explic\u00f3 que la gesti\u00f3n a cargo del secretario de Deportes, Jorge Chica, los ayudaba con los viajes al exterior, los asesoraba en las tramitaciones ante organismos internacionales y \u00abaportaba mucho\u00bb a la log\u00edstica del equipo, de acuerdo alo publicado por Diario Huarpe de San Juan.<\/p>\n<p>PELIGRA LA VUELTA DE SAN JUAN<\/p>\n<p>El cambio de gobierno despu\u00e9s del 10 de diciembre obliga a reacomodar el esquema de eventos que se ten\u00edan previstos: la Vuelta a San Juan es una de ellas.<br \/>\nEl secretario de Estado de Deportes, Jorge \u201cCoqui\u201d Chica dijo que hay tiempo hasta septiembre de inscribir el evento en la Uni\u00f3n Cicl\u00edstica Internacional para que se concrete, mencion\u00f3 Diario de Cuyo.<br \/>\n\u201cTiene un tiempo de inscripci\u00f3n, seguramente hay situaciones que el nuevo gobierno debe blanquear. No soy yo quien debe definirlo. Nosotros pedimos que nos den tiempo para la inscripci\u00f3n sino se pierde la categor\u00eda en el calendario internacional\u201d, manifest\u00f3 el funcionario a radio Sarmiento.<br \/>\nRespecto a los eventos venideros, Chica dijo que el mundial U19 de v\u00f3ley, del 2 al 11 de agosto pr\u00f3ximo, y el Six Days, previsto para noviembre, hasta el momento siguen en pie, pero aclar\u00f3 que se trata de eventos privados. \u201cAyer hablamos con ellos y va en buena v\u00eda, aunque todav\u00eda hay situaciones por resolver\u201d, reconoci\u00f3 y aclar\u00f3 que su \u00e1rea s\u00f3lo acompa\u00f1a con la organizaci\u00f3n, pero no es sponsor.<br \/>\nEst\u00e1 descartado oficialmente, el partido de eliminatorias Sudamericanas que se esperaba llegara en noviembre al estadio del Bicentenario (que no hab\u00eda sido confirmado, pero era una firme posibilidad) y el Superbike, que estaba pactado del 13 al 15 de octubre en el Circuito Internacional San Juan Villicum.<br \/>\nEl Turismo Carretera se correr\u00e1 el domingo 23 de julio en el Circuito San Juan Villicum y el TC2000, en noviembre, en El Zonda, pero no la fecha de coronaci\u00f3n, en diciembre.<\/p>\n","protected":false},"excerpt":{"rendered":"<p>No caben dudas que San Juan es la provincia que vive con m\u00e1s pasi\u00f3n el ciclismo en Argentina. Hace pocos<\/p>\n","protected":false},"author":2,"featured_media":41065,"comment_status":"closed","ping_status":"closed","sticky":false,"template":"","format":"standard","meta":{"footnotes":""},"categories":[4],"tags":[],"class_list":["post-41064","post","type-post","status-publish","format-standard","has-post-thumbnail","hentry","category-ciclismo"],"cc_featured_image_caption":{"caption_text":"","source_text":"","source_url":""},"_links":{"self":[{"href":"https:\/\/todoapulmon-rafaela.com\/index.php\/wp-json\/wp\/v2\/posts\/41064"}],"collection":[{"href":"https:\/\/todoapulmon-rafaela.com\/index.php\/wp-json\/wp\/v2\/posts"}],"about":[{"href":"https:\/\/todoapulmon-rafaela.com\/index.php\/wp-json\/wp\/v2\/types\/post"}],"author":[{"embeddable":true,"href":"https:\/\/todoapulmon-rafaela.com\/index.php\/wp-json\/wp\/v2\/users\/2"}],"replies":[{"embeddable":true,"href":"https:\/\/todoapulmon-rafaela.com\/index.php\/wp-json\/wp\/v2\/comments?post=41064"}],"version-history":[{"count":1,"href":"https:\/\/todoapulmon-rafaela.com\/index.php\/wp-json\/wp\/v2\/posts\/41064\/revisions"}],"predecessor-version":[{"id":41066,"href":"https:\/\/todoapulmon-rafaela.com\/index.php\/wp-json\/wp\/v2\/posts\/41064\/revisions\/41066"}],"wp:featuredmedia":[{"embeddable":true,"href":"https:\/\/todoapulmon-rafaela.com\/index.php\/wp-json\/wp\/v2\/media\/41065"}],"wp:attachment":[{"href":"https:\/\/todoapulmon-rafaela.com\/index.php\/wp-json\/wp\/v2\/media?parent=41064"}],"wp:term":[{"taxonomy":"category","embeddable":true,"href":"https:\/\/todoapulmon-rafaela.com\/index.php\/wp-json\/wp\/v2\/categories?post=41064"},{"taxonomy":"post_tag","embeddable":true,"href":"https:\/\/todoapulmon-rafaela.com\/index.php\/wp-json\/wp\/v2\/tags?post=41064"}],"curies":[{"name":"wp","href":"https:\/\/api.w.org\/{rel}","templated":true}]}}