{"id":4079,"date":"2016-12-15T11:50:48","date_gmt":"2016-12-15T11:50:48","guid":{"rendered":"http:\/\/todoapulmon-rafaela.com\/?p=4079"},"modified":"2016-12-15T11:50:48","modified_gmt":"2016-12-15T11:50:48","slug":"yoel-vargas-competira-en-uruguay-4","status":"publish","type":"post","link":"https:\/\/todoapulmon-rafaela.com\/index.php\/2016\/12\/15\/yoel-vargas-competira-en-uruguay-4\/","title":{"rendered":"Yoel Vargas competir\u00e1 en Uruguay"},"content":{"rendered":"<p>El fin de semana, s\u00e1bado 17 y domingo 18 de diciembre, el equipo argentino del programa Buenos Aires 2018, que integra el rafaelino Yoel Vargas, tomar\u00e1 parte en Uruguay de la Vuelta Internacional del Codecam. La misma tendr\u00e1 como epicentro la ciudad de Aguas Corrientes, en el Departamento de Canelones.<\/p>\n<p>Las categor\u00edas que participar\u00e1n son: 13-14 a\u00f1os, 15-16, junior, damas menores y damas mayores. El s\u00e1bado a las 10 ser\u00e1 la contrarreloj, en tanto que desde las 14.30 se har\u00e1 una etapa en ruta sobre 60 km. El domingo, el \u00faltimo parcial, ser\u00e1 sobre 80 km para los juniors.<\/p>\n<p>El grupo est\u00e1 al frente de los entrenadores Walter P\u00e9rez y Daniel Capella, junto con la asistencia de Hugo Vazquez. P\u00e9rez y Capella recientemente realizaron en Mar del Plata el curso UCI Nivel 3, el m\u00e1ximo estipulado por la Uni\u00f3n Ciclista Internacional.<\/p>\n","protected":false},"excerpt":{"rendered":"<p>El fin de semana, s\u00e1bado 17 y domingo 18 de diciembre, el equipo argentino del programa Buenos Aires 2018, que<\/p>\n","protected":false},"author":2,"featured_media":4073,"comment_status":"open","ping_status":"open","sticky":false,"template":"","format":"standard","meta":{"footnotes":""},"categories":[4,24],"tags":[],"class_list":["post-4079","post","type-post","status-publish","format-standard","has-post-thumbnail","hentry","category-ciclismo","category-noticias-destacadas"],"cc_featured_image_caption":{"caption_text":"El equipo argentino del programa Buenos Aires 2018 viajando al vecino pa\u00eds (foto D. Capella).","source_text":"","source_url":""},"_links":{"self":[{"href":"https:\/\/todoapulmon-rafaela.com\/index.php\/wp-json\/wp\/v2\/posts\/4079"}],"collection":[{"href":"https:\/\/todoapulmon-rafaela.com\/index.php\/wp-json\/wp\/v2\/posts"}],"about":[{"href":"https:\/\/todoapulmon-rafaela.com\/index.php\/wp-json\/wp\/v2\/types\/post"}],"author":[{"embeddable":true,"href":"https:\/\/todoapulmon-rafaela.com\/index.php\/wp-json\/wp\/v2\/users\/2"}],"replies":[{"embeddable":true,"href":"https:\/\/todoapulmon-rafaela.com\/index.php\/wp-json\/wp\/v2\/comments?post=4079"}],"version-history":[{"count":1,"href":"https:\/\/todoapulmon-rafaela.com\/index.php\/wp-json\/wp\/v2\/posts\/4079\/revisions"}],"predecessor-version":[{"id":4080,"href":"https:\/\/todoapulmon-rafaela.com\/index.php\/wp-json\/wp\/v2\/posts\/4079\/revisions\/4080"}],"wp:featuredmedia":[{"embeddable":true,"href":"https:\/\/todoapulmon-rafaela.com\/index.php\/wp-json\/wp\/v2\/media\/4073"}],"wp:attachment":[{"href":"https:\/\/todoapulmon-rafaela.com\/index.php\/wp-json\/wp\/v2\/media?parent=4079"}],"wp:term":[{"taxonomy":"category","embeddable":true,"href":"https:\/\/todoapulmon-rafaela.com\/index.php\/wp-json\/wp\/v2\/categories?post=4079"},{"taxonomy":"post_tag","embeddable":true,"href":"https:\/\/todoapulmon-rafaela.com\/index.php\/wp-json\/wp\/v2\/tags?post=4079"}],"curies":[{"name":"wp","href":"https:\/\/api.w.org\/{rel}","templated":true}]}}