{"id":40766,"date":"2023-06-26T21:28:45","date_gmt":"2023-06-26T21:28:45","guid":{"rendered":"https:\/\/todoapulmon-rafaela.com\/?p=40766"},"modified":"2023-06-26T21:28:45","modified_gmt":"2023-06-26T21:28:45","slug":"septimo-puesto-para-la-arv-en-el-provincial-sub-14","status":"publish","type":"post","link":"https:\/\/todoapulmon-rafaela.com\/index.php\/2023\/06\/26\/septimo-puesto-para-la-arv-en-el-provincial-sub-14\/","title":{"rendered":"S\u00e9ptimo puesto para la ARV en el Provincial Sub 14"},"content":{"rendered":"<p>Este fin de semana se realiz\u00f3 en El Tr\u00e9bol el campeonato Interasociaciones Sub 14 de voley, organizado por la AVOS.<\/p>\n<p>El seleccionado de la Asociaci\u00f3n Rafaelina de Voley ocup\u00f3 el s\u00e9ptimo puesto en la clasificaci\u00f3n final. Fue campe\u00f3n la Santafesina, subcampe\u00f3n Rosario y tercero Oeste Santafesino.<\/p>\n<p>Pablo Vitetti, de Uni\u00f3n de Sunchales, fue el entrenador con Karen D\u00edaz (Almagro) como asistente, mientras que Beatriz Giuliano fue Jefa de Delegaci\u00f3n.<br \/>\nLas 14 jugadoras integrantes del plantel fueron: Lara Crivelo, Sol Fontanessi e Isa Gentilli (Almagro); Bianca Mottura y Alma Protti (Atl\u00e9tico de Rafaela); Violeta Ingaramo (Libertad); Luisina Nievas, Lola Oggero, Ana Paula Enrici, Catalina Cornero, Angeles Areco, Rosario Genero, Ana Paula Milanesio y Pamela Coronel (Uni\u00f3n).<\/p>\n<p>&nbsp;<\/p>\n","protected":false},"excerpt":{"rendered":"<p>Este fin de semana se realiz\u00f3 en El Tr\u00e9bol el campeonato Interasociaciones Sub 14 de voley, organizado por la AVOS.<\/p>\n","protected":false},"author":2,"featured_media":40768,"comment_status":"closed","ping_status":"closed","sticky":false,"template":"","format":"standard","meta":{"footnotes":""},"categories":[16],"tags":[],"class_list":["post-40766","post","type-post","status-publish","format-standard","has-post-thumbnail","hentry","category-voley"],"cc_featured_image_caption":{"caption_text":"","source_text":"","source_url":""},"_links":{"self":[{"href":"https:\/\/todoapulmon-rafaela.com\/index.php\/wp-json\/wp\/v2\/posts\/40766"}],"collection":[{"href":"https:\/\/todoapulmon-rafaela.com\/index.php\/wp-json\/wp\/v2\/posts"}],"about":[{"href":"https:\/\/todoapulmon-rafaela.com\/index.php\/wp-json\/wp\/v2\/types\/post"}],"author":[{"embeddable":true,"href":"https:\/\/todoapulmon-rafaela.com\/index.php\/wp-json\/wp\/v2\/users\/2"}],"replies":[{"embeddable":true,"href":"https:\/\/todoapulmon-rafaela.com\/index.php\/wp-json\/wp\/v2\/comments?post=40766"}],"version-history":[{"count":2,"href":"https:\/\/todoapulmon-rafaela.com\/index.php\/wp-json\/wp\/v2\/posts\/40766\/revisions"}],"predecessor-version":[{"id":40769,"href":"https:\/\/todoapulmon-rafaela.com\/index.php\/wp-json\/wp\/v2\/posts\/40766\/revisions\/40769"}],"wp:featuredmedia":[{"embeddable":true,"href":"https:\/\/todoapulmon-rafaela.com\/index.php\/wp-json\/wp\/v2\/media\/40768"}],"wp:attachment":[{"href":"https:\/\/todoapulmon-rafaela.com\/index.php\/wp-json\/wp\/v2\/media?parent=40766"}],"wp:term":[{"taxonomy":"category","embeddable":true,"href":"https:\/\/todoapulmon-rafaela.com\/index.php\/wp-json\/wp\/v2\/categories?post=40766"},{"taxonomy":"post_tag","embeddable":true,"href":"https:\/\/todoapulmon-rafaela.com\/index.php\/wp-json\/wp\/v2\/tags?post=40766"}],"curies":[{"name":"wp","href":"https:\/\/api.w.org\/{rel}","templated":true}]}}