{"id":40723,"date":"2023-06-26T01:56:38","date_gmt":"2023-06-26T01:56:38","guid":{"rendered":"https:\/\/todoapulmon-rafaela.com\/?p=40723"},"modified":"2023-06-26T02:06:39","modified_gmt":"2023-06-26T02:06:39","slug":"gran-carrera-de-mateo-quiroga-en-los-42k-de-rosario","status":"publish","type":"post","link":"https:\/\/todoapulmon-rafaela.com\/index.php\/2023\/06\/26\/gran-carrera-de-mateo-quiroga-en-los-42k-de-rosario\/","title":{"rendered":"Gran carrera de Mateo Quiroga en los 42k de Rosario"},"content":{"rendered":"<p>Con la presencia de 3.000 atletas, este domingo se desarroll\u00f3 la edici\u00f3n 21 de la Marat\u00f3n Internacional de la Bandera, que cont\u00f3 con la cl\u00e1sica prueba de 42 kil\u00f3metros y la prueba integrativa de 10 kil\u00f3metros recorriendo las calles de la ciudad de Rosario.<\/p>\n<p>En un muy buena performance, Mateo Quiroga culmin\u00f3 en el puesto 18 de la clasificaci\u00f3n general. En su segunda Marat\u00f3n (la primera fue hace cinco semanas en Villa Carlos Paz), registr\u00f3 un marca de 2h 43m 18s, siendo el mejor rafaelino en la competencia, quedando adem\u00e1s segundo en la categor\u00eda de 20-29 a\u00f1os.<\/p>\n<p>Tambi\u00e9n fue muy buena la carrera de Romano Maza, que lleg\u00f3 en la posici\u00f3n 25 con 2h 47m 29s, ubic\u00e1ndose 11 en la categor\u00eda de 35-39.<\/p>\n<p>Asimismo, meritorias performaces llegando debajo de las tres horas en cuanto a runers de nuestra ciudad, para Fernando Ojeda (46 y 19 en su categor\u00eda, 2h 54m 48) e Ignacio Chianalino (47 y 7 en su categor\u00eda, 2h\u00a0 55m 22), en cuanto a la menci\u00f3n de los principales desempe\u00f1os locales en la competencia central de la jornada.<\/p>\n<p>Con un tiempo de 2h26m53s, el chubutense Mart\u00edn \u00d1ancucheo se qued\u00f3 con el triunfo en la categor\u00eda caballeros. Fue escoltado por el rosarino Juan Ignacio Toledo (2h30m28s) y por el tandilense Sergio Hoffman (2h30m29s), precisamente ganador de la edici\u00f3n 20 disputada el a\u00f1o pasado.<\/p>\n<p>A su vez, la victoria en damas se fue para Paraguay de la mano de Nicole Wood con una marca de 2h57m30s. Segunda culmin\u00f3 la rosarina Amin\u00e9 Mazur (3h00m46s), mientras que al tercer escal\u00f3n del podio se subi\u00f3 Mar\u00eda Emilia Antille (3h05m11s).<\/p>\n","protected":false},"excerpt":{"rendered":"<p>Con la presencia de 3.000 atletas, este domingo se desarroll\u00f3 la edici\u00f3n 21 de la Marat\u00f3n Internacional de la Bandera,<\/p>\n","protected":false},"author":2,"featured_media":40726,"comment_status":"closed","ping_status":"closed","sticky":false,"template":"","format":"standard","meta":{"footnotes":""},"categories":[7,24],"tags":[],"class_list":["post-40723","post","type-post","status-publish","format-standard","has-post-thumbnail","hentry","category-atletismo","category-noticias-destacadas"],"cc_featured_image_caption":{"caption_text":"","source_text":"","source_url":""},"_links":{"self":[{"href":"https:\/\/todoapulmon-rafaela.com\/index.php\/wp-json\/wp\/v2\/posts\/40723"}],"collection":[{"href":"https:\/\/todoapulmon-rafaela.com\/index.php\/wp-json\/wp\/v2\/posts"}],"about":[{"href":"https:\/\/todoapulmon-rafaela.com\/index.php\/wp-json\/wp\/v2\/types\/post"}],"author":[{"embeddable":true,"href":"https:\/\/todoapulmon-rafaela.com\/index.php\/wp-json\/wp\/v2\/users\/2"}],"replies":[{"embeddable":true,"href":"https:\/\/todoapulmon-rafaela.com\/index.php\/wp-json\/wp\/v2\/comments?post=40723"}],"version-history":[{"count":1,"href":"https:\/\/todoapulmon-rafaela.com\/index.php\/wp-json\/wp\/v2\/posts\/40723\/revisions"}],"predecessor-version":[{"id":40725,"href":"https:\/\/todoapulmon-rafaela.com\/index.php\/wp-json\/wp\/v2\/posts\/40723\/revisions\/40725"}],"wp:featuredmedia":[{"embeddable":true,"href":"https:\/\/todoapulmon-rafaela.com\/index.php\/wp-json\/wp\/v2\/media\/40726"}],"wp:attachment":[{"href":"https:\/\/todoapulmon-rafaela.com\/index.php\/wp-json\/wp\/v2\/media?parent=40723"}],"wp:term":[{"taxonomy":"category","embeddable":true,"href":"https:\/\/todoapulmon-rafaela.com\/index.php\/wp-json\/wp\/v2\/categories?post=40723"},{"taxonomy":"post_tag","embeddable":true,"href":"https:\/\/todoapulmon-rafaela.com\/index.php\/wp-json\/wp\/v2\/tags?post=40723"}],"curies":[{"name":"wp","href":"https:\/\/api.w.org\/{rel}","templated":true}]}}