{"id":40719,"date":"2023-06-25T23:44:27","date_gmt":"2023-06-25T23:44:27","guid":{"rendered":"https:\/\/todoapulmon-rafaela.com\/?p=40719"},"modified":"2023-06-25T23:44:27","modified_gmt":"2023-06-25T23:44:27","slug":"mondino-viajo-a-espana","status":"publish","type":"post","link":"https:\/\/todoapulmon-rafaela.com\/index.php\/2023\/06\/25\/mondino-viajo-a-espana\/","title":{"rendered":"Mondino viaj\u00f3 a Espa\u00f1a"},"content":{"rendered":"<div id=\"m#msg-a:r970831926797392988\" class=\"mail-message expanded\">\n<div class=\"mail-message-content collapsible zoom-normal mail-show-images \">\n<div class=\"clear\">\n<div dir=\"ltr\">Este fin de semana viaj\u00f3 hacia Espa\u00f1a el atleta rafaelino Tom\u00e1s Mondino.\u00a0Enfocado en la puesta a punto de su a\u00f1o competitivo, el atleta juvenil har\u00e1 su primera participaci\u00f3n en el Meeting Internacional de Mayores en la ciudad de C\u00e1ceres, el mi\u00e9rcoles 28 de junio.<br \/>\nEsta gira est\u00e1 planificada por la CADA, con apoyo del ENARD, estando el velocista de nuestra ciudad incluido dentro del proyecto de formaci\u00f3n como tr\u00e1nsito al alto rendimiento. En esta planificaci\u00f3n estar\u00e1n junto a Tomy otros cuatro atletas juveniles de nuestro pa\u00eds:\u00a0Tom\u00e1s Olivera (lanzamiento de martillo), Juan Arrieguez (lanzamiento de bala), Giuliana Baigorria (lanzamiento de martillo) y Renata Godoy (pruebas combinadas).<br \/>\nLuego de su participaci\u00f3n en el Sudamericano U20 en Colombia y los Grand Prix Sudamericanos en Concepci\u00f3n del Uruguay, Montino tendr\u00e1 en esta gira una muy buena puesta a punto de cara al Panamericano U20 que se realizar\u00e1 en Mayaguez, Puerto Rico, del 4 al 6 de agosto.<\/div>\n<\/div>\n<\/div>\n<div class=\"mail-message-footer spacer collapsible\"><\/div>\n<\/div>\n","protected":false},"excerpt":{"rendered":"<p>Este fin de semana viaj\u00f3 hacia Espa\u00f1a el atleta rafaelino Tom\u00e1s Mondino.\u00a0Enfocado en la puesta a punto de su a\u00f1o<\/p>\n","protected":false},"author":2,"featured_media":40720,"comment_status":"closed","ping_status":"closed","sticky":false,"template":"","format":"standard","meta":{"footnotes":""},"categories":[7,24],"tags":[],"class_list":["post-40719","post","type-post","status-publish","format-standard","has-post-thumbnail","hentry","category-atletismo","category-noticias-destacadas"],"cc_featured_image_caption":{"caption_text":"Foto Sebasti\u00e1n Lasquera","source_text":"","source_url":""},"_links":{"self":[{"href":"https:\/\/todoapulmon-rafaela.com\/index.php\/wp-json\/wp\/v2\/posts\/40719"}],"collection":[{"href":"https:\/\/todoapulmon-rafaela.com\/index.php\/wp-json\/wp\/v2\/posts"}],"about":[{"href":"https:\/\/todoapulmon-rafaela.com\/index.php\/wp-json\/wp\/v2\/types\/post"}],"author":[{"embeddable":true,"href":"https:\/\/todoapulmon-rafaela.com\/index.php\/wp-json\/wp\/v2\/users\/2"}],"replies":[{"embeddable":true,"href":"https:\/\/todoapulmon-rafaela.com\/index.php\/wp-json\/wp\/v2\/comments?post=40719"}],"version-history":[{"count":1,"href":"https:\/\/todoapulmon-rafaela.com\/index.php\/wp-json\/wp\/v2\/posts\/40719\/revisions"}],"predecessor-version":[{"id":40721,"href":"https:\/\/todoapulmon-rafaela.com\/index.php\/wp-json\/wp\/v2\/posts\/40719\/revisions\/40721"}],"wp:featuredmedia":[{"embeddable":true,"href":"https:\/\/todoapulmon-rafaela.com\/index.php\/wp-json\/wp\/v2\/media\/40720"}],"wp:attachment":[{"href":"https:\/\/todoapulmon-rafaela.com\/index.php\/wp-json\/wp\/v2\/media?parent=40719"}],"wp:term":[{"taxonomy":"category","embeddable":true,"href":"https:\/\/todoapulmon-rafaela.com\/index.php\/wp-json\/wp\/v2\/categories?post=40719"},{"taxonomy":"post_tag","embeddable":true,"href":"https:\/\/todoapulmon-rafaela.com\/index.php\/wp-json\/wp\/v2\/tags?post=40719"}],"curies":[{"name":"wp","href":"https:\/\/api.w.org\/{rel}","templated":true}]}}