{"id":40660,"date":"2023-06-23T22:45:29","date_gmt":"2023-06-23T22:45:29","guid":{"rendered":"https:\/\/todoapulmon-rafaela.com\/?p=40660"},"modified":"2023-06-23T22:45:29","modified_gmt":"2023-06-23T22:45:29","slug":"la-rafaelina-perdio-en-el-debut","status":"publish","type":"post","link":"https:\/\/todoapulmon-rafaela.com\/index.php\/2023\/06\/23\/la-rafaelina-perdio-en-el-debut\/","title":{"rendered":"La Rafaelina perdi\u00f3 en el debut"},"content":{"rendered":"<div>El seleccionado de la ARB perdi\u00f3 en su estreno en el torneo Provincial U21 que se disputa en Ca\u00f1ada de G\u00f3mez. Fue por 69 a 58 frente a Santa Fe. Los parciales: 18 iguales, 34-24 y 53-38.<\/div>\n<div>Los mejores anotadores en la Rafaelina fueron Pablo Grosso, con 17 puntos, Ian Scavino con 14 y Gast\u00f3n Schneider con 14.<\/div>\n<p>En el ganador se destacaron: Su\u00f1\u00e9 con 18 tantos, Chemez con 12 y Crespi con 10.<\/p>\n<div>Este s\u00e1bado, el equipo dirigido por Andr\u00e9s Mandrille disputar\u00e1 dos partidos: a las 10 frente a Oeste Santafesino, y a las 20 ante Venado Tuerto.<\/div>\n","protected":false},"excerpt":{"rendered":"<p>El seleccionado de la ARB perdi\u00f3 en su estreno en el torneo Provincial U21 que se disputa en Ca\u00f1ada de<\/p>\n","protected":false},"author":2,"featured_media":40661,"comment_status":"closed","ping_status":"closed","sticky":false,"template":"","format":"standard","meta":{"footnotes":""},"categories":[5],"tags":[],"class_list":["post-40660","post","type-post","status-publish","format-standard","has-post-thumbnail","hentry","category-basquet"],"cc_featured_image_caption":{"caption_text":"Foto prensa Fed. Santafesina","source_text":"","source_url":""},"_links":{"self":[{"href":"https:\/\/todoapulmon-rafaela.com\/index.php\/wp-json\/wp\/v2\/posts\/40660"}],"collection":[{"href":"https:\/\/todoapulmon-rafaela.com\/index.php\/wp-json\/wp\/v2\/posts"}],"about":[{"href":"https:\/\/todoapulmon-rafaela.com\/index.php\/wp-json\/wp\/v2\/types\/post"}],"author":[{"embeddable":true,"href":"https:\/\/todoapulmon-rafaela.com\/index.php\/wp-json\/wp\/v2\/users\/2"}],"replies":[{"embeddable":true,"href":"https:\/\/todoapulmon-rafaela.com\/index.php\/wp-json\/wp\/v2\/comments?post=40660"}],"version-history":[{"count":1,"href":"https:\/\/todoapulmon-rafaela.com\/index.php\/wp-json\/wp\/v2\/posts\/40660\/revisions"}],"predecessor-version":[{"id":40662,"href":"https:\/\/todoapulmon-rafaela.com\/index.php\/wp-json\/wp\/v2\/posts\/40660\/revisions\/40662"}],"wp:featuredmedia":[{"embeddable":true,"href":"https:\/\/todoapulmon-rafaela.com\/index.php\/wp-json\/wp\/v2\/media\/40661"}],"wp:attachment":[{"href":"https:\/\/todoapulmon-rafaela.com\/index.php\/wp-json\/wp\/v2\/media?parent=40660"}],"wp:term":[{"taxonomy":"category","embeddable":true,"href":"https:\/\/todoapulmon-rafaela.com\/index.php\/wp-json\/wp\/v2\/categories?post=40660"},{"taxonomy":"post_tag","embeddable":true,"href":"https:\/\/todoapulmon-rafaela.com\/index.php\/wp-json\/wp\/v2\/tags?post=40660"}],"curies":[{"name":"wp","href":"https:\/\/api.w.org\/{rel}","templated":true}]}}