{"id":40653,"date":"2023-06-23T18:25:08","date_gmt":"2023-06-23T18:25:08","guid":{"rendered":"https:\/\/todoapulmon-rafaela.com\/?p=40653"},"modified":"2023-06-23T18:25:08","modified_gmt":"2023-06-23T18:25:08","slug":"presentaron-la-copa-santa-fe","status":"publish","type":"post","link":"https:\/\/todoapulmon-rafaela.com\/index.php\/2023\/06\/23\/presentaron-la-copa-santa-fe\/","title":{"rendered":"Presentaron la Copa Santa Fe"},"content":{"rendered":"<p>El gobernador de la provincia, Omar Perotti, present\u00f3 este viernes en la ciudad capital la edici\u00f3n 2023 de la Copa Santa Fe, donde se desarrollar\u00e1n competencias de f\u00fatbol, voleibol, basquetbol, rugby y hockey, con el objetivo de difundir, promocionar y apuntalar a las instituciones y a sus deportistas. La actividad se llev\u00f3 a cabo en el complejo La Redonda, Arte y vida Cotidiana.<\/p>\n<p>En la oportunidad, Perotti asegur\u00f3 que \u201cqueremos superar lo que entre todos hicimos en la edici\u00f3n anterior de la Copa Santa Fe, sabiendo que a partir de ahora comienzan las competencias semanalmente que nos llevar\u00e1n hasta cerca de fin de a\u00f1o\u201d.<\/p>\n<p>El mandatario santafesino agreg\u00f3: \u201cEl deseo de que la provincia siga creciendo y contin\u00fae siendo el semillero del deporte argentino, nos exige acompa\u00f1ar d\u00eda a d\u00eda a nuestros clubes, tratando de que la organizaci\u00f3n y el v\u00ednculo de las instituciones crezca todos los d\u00edas. No puede haber una provincia deportiva si no hay clubes, si no hay ligas, si no hay federaciones; y no puede haber un semillero exitoso y creciente, si no hay un buen trabajo en esos clubes\u201d, afirm\u00f3 el gobernador.<\/p>\n<p>Por su parte, la secretaria de Deportes, Florencia Molinero, se\u00f1al\u00f3 que \u00abcreemos firmemente que Santa Fe es el semillero del deporte argentino\u00bb, y record\u00f3 \u00ablo que transitamos de esta gesti\u00f3n y la experiencia de trabajar con los clubes en la infraestructura deportiva lo cual les permiti\u00f3 ser sede de los Juegos Santafesinos, donde este a\u00f1o tenemos m\u00e1s de 100.000 chicos adolescentes participando\u00bb, asegur\u00f3.<\/p>\n<p>Molinero ponder\u00f3 el rol de \u00ablas federaciones, que fueron una gran ayuda\u201d y expres\u00f3 que \u201cestoy convencida de que en esta gesti\u00f3n hemos trabajado y ayudado a crecer a esta Santa Fe deportiva\u00bb.<\/p>\n<p>La Copa Santa Fe presenta una serie de torneos provinciales que tienen el objetivo de potenciar el deporte a trav\u00e9s de competencias que se extienden a todo el territorio santafesino y sus clubes, auspiciando la integraci\u00f3n y garantizando los eventos con apoyo y acompa\u00f1amiento en un trabajo articulado con las federaciones provinciales de cada deporte.<\/p>\n","protected":false},"excerpt":{"rendered":"<p>El gobernador de la provincia, Omar Perotti, present\u00f3 este viernes en la ciudad capital la edici\u00f3n 2023 de la Copa<\/p>\n","protected":false},"author":2,"featured_media":40654,"comment_status":"closed","ping_status":"closed","sticky":false,"template":"","format":"standard","meta":{"footnotes":""},"categories":[1],"tags":[],"class_list":["post-40653","post","type-post","status-publish","format-standard","has-post-thumbnail","hentry","category-sin-categoria"],"cc_featured_image_caption":{"caption_text":"FOTO GOBIERNO DE SANTA FE","source_text":"","source_url":""},"_links":{"self":[{"href":"https:\/\/todoapulmon-rafaela.com\/index.php\/wp-json\/wp\/v2\/posts\/40653"}],"collection":[{"href":"https:\/\/todoapulmon-rafaela.com\/index.php\/wp-json\/wp\/v2\/posts"}],"about":[{"href":"https:\/\/todoapulmon-rafaela.com\/index.php\/wp-json\/wp\/v2\/types\/post"}],"author":[{"embeddable":true,"href":"https:\/\/todoapulmon-rafaela.com\/index.php\/wp-json\/wp\/v2\/users\/2"}],"replies":[{"embeddable":true,"href":"https:\/\/todoapulmon-rafaela.com\/index.php\/wp-json\/wp\/v2\/comments?post=40653"}],"version-history":[{"count":1,"href":"https:\/\/todoapulmon-rafaela.com\/index.php\/wp-json\/wp\/v2\/posts\/40653\/revisions"}],"predecessor-version":[{"id":40655,"href":"https:\/\/todoapulmon-rafaela.com\/index.php\/wp-json\/wp\/v2\/posts\/40653\/revisions\/40655"}],"wp:featuredmedia":[{"embeddable":true,"href":"https:\/\/todoapulmon-rafaela.com\/index.php\/wp-json\/wp\/v2\/media\/40654"}],"wp:attachment":[{"href":"https:\/\/todoapulmon-rafaela.com\/index.php\/wp-json\/wp\/v2\/media?parent=40653"}],"wp:term":[{"taxonomy":"category","embeddable":true,"href":"https:\/\/todoapulmon-rafaela.com\/index.php\/wp-json\/wp\/v2\/categories?post=40653"},{"taxonomy":"post_tag","embeddable":true,"href":"https:\/\/todoapulmon-rafaela.com\/index.php\/wp-json\/wp\/v2\/tags?post=40653"}],"curies":[{"name":"wp","href":"https:\/\/api.w.org\/{rel}","templated":true}]}}