{"id":40624,"date":"2023-06-23T13:51:02","date_gmt":"2023-06-23T13:51:02","guid":{"rendered":"https:\/\/todoapulmon-rafaela.com\/?p=40624"},"modified":"2023-06-23T13:51:02","modified_gmt":"2023-06-23T13:51:02","slug":"atletico-adquirio-formalmente-el-terreno-para-la-construccion-del-complejo-polideportivo","status":"publish","type":"post","link":"https:\/\/todoapulmon-rafaela.com\/index.php\/2023\/06\/23\/atletico-adquirio-formalmente-el-terreno-para-la-construccion-del-complejo-polideportivo\/","title":{"rendered":"Atl\u00e9tico adquiri\u00f3 formalmente el terreno para la construcci\u00f3n del Complejo Polideportivo"},"content":{"rendered":"<p>En la Asamblea Extraordinaria del 23 de febrero de 1953, los socios presentes autorizaron por aclamaci\u00f3n la adquisici\u00f3n de un terreno ubicado a 4 kil\u00f3metros al Norte de la ciudad y con unas dimensiones de 2200 metros de Norte a Sur y 600 metros de Este a Oeste. El fin de la compra era claro y contundente: la construcci\u00f3n del aut\u00f3dromo.<br \/>\nEste jueves 22 de junio, 70 a\u00f1os despu\u00e9s de aquella transacci\u00f3n que marc\u00f3 un antes y un despu\u00e9s, la instituci\u00f3n llev\u00f3 a cabo la firma del boleto de compra venta del terreno donde se emplazar\u00e1 el nuevo Complejo Deportivo, cuya realizaci\u00f3n fue aprobada tambi\u00e9n de manera un\u00e1nime en la Asamblea Ordinaria realizada el pasado 28 de abril del corriente a\u00f1o. De esta manera, se cumple con el primer paso de una obra aprobada por los socios y que permitir\u00e1 seguir con el crecimiento constante del club.<br \/>\nAdem\u00e1s, con la presencia de las partes involucradas, se hizo efectivo el pago del 50% de las 12 hect\u00e1reas adquiridas, recordando que el inmueble est\u00e1 ubicado en el sector norte de la ciudad, enmarcado entre las calles Padre Corti al sur, Avenida Italia al este, Boulevar Lehmann al oeste y el camino de tr\u00e1nsito pesado al norte. La instituci\u00f3n adquiere 12 hect\u00e1reas ubicadas en el sector Nord-Oeste del terreno, el cual es separado del predio del aut\u00f3dromo \u00abCiudad de Rafaela\u00bb solamente por el actual camino de tr\u00e1nsito pesado.<br \/>\nSuperadas las instancias de autorizaciones Municipales y Provinciales pertinentes, en este predio se construir\u00e1 un nuevo estadio multiprop\u00f3sito con sus dem\u00e1s dependendencias y anexos y un estadio cubierto, lo que ser\u00e1 financiado por medio del producido por un loteo que se desarrollar\u00e1, de manera conjunta con los actuales propietarios, de las restantes 121 hect\u00e1reas lindantes a las adquiridas.<br \/>\nDel acto formaron parte, en representaci\u00f3n de Atl\u00e9tico, el presidente Diego Kurganoff, el secretario Adri\u00e1n Steinaker y el tesorero Cristian Canello, mientras que por la parte vendedora lo hizo Escribano C\u00e9sar Del Zoppo.<\/p>\n","protected":false},"excerpt":{"rendered":"<p>En la Asamblea Extraordinaria del 23 de febrero de 1953, los socios presentes autorizaron por aclamaci\u00f3n la adquisici\u00f3n de un<\/p>\n","protected":false},"author":2,"featured_media":40625,"comment_status":"closed","ping_status":"closed","sticky":false,"template":"","format":"standard","meta":{"footnotes":""},"categories":[1],"tags":[],"class_list":["post-40624","post","type-post","status-publish","format-standard","has-post-thumbnail","hentry","category-sin-categoria"],"cc_featured_image_caption":{"caption_text":"FOTO PRENSA ATLETICO","source_text":"","source_url":""},"_links":{"self":[{"href":"https:\/\/todoapulmon-rafaela.com\/index.php\/wp-json\/wp\/v2\/posts\/40624"}],"collection":[{"href":"https:\/\/todoapulmon-rafaela.com\/index.php\/wp-json\/wp\/v2\/posts"}],"about":[{"href":"https:\/\/todoapulmon-rafaela.com\/index.php\/wp-json\/wp\/v2\/types\/post"}],"author":[{"embeddable":true,"href":"https:\/\/todoapulmon-rafaela.com\/index.php\/wp-json\/wp\/v2\/users\/2"}],"replies":[{"embeddable":true,"href":"https:\/\/todoapulmon-rafaela.com\/index.php\/wp-json\/wp\/v2\/comments?post=40624"}],"version-history":[{"count":1,"href":"https:\/\/todoapulmon-rafaela.com\/index.php\/wp-json\/wp\/v2\/posts\/40624\/revisions"}],"predecessor-version":[{"id":40626,"href":"https:\/\/todoapulmon-rafaela.com\/index.php\/wp-json\/wp\/v2\/posts\/40624\/revisions\/40626"}],"wp:featuredmedia":[{"embeddable":true,"href":"https:\/\/todoapulmon-rafaela.com\/index.php\/wp-json\/wp\/v2\/media\/40625"}],"wp:attachment":[{"href":"https:\/\/todoapulmon-rafaela.com\/index.php\/wp-json\/wp\/v2\/media?parent=40624"}],"wp:term":[{"taxonomy":"category","embeddable":true,"href":"https:\/\/todoapulmon-rafaela.com\/index.php\/wp-json\/wp\/v2\/categories?post=40624"},{"taxonomy":"post_tag","embeddable":true,"href":"https:\/\/todoapulmon-rafaela.com\/index.php\/wp-json\/wp\/v2\/tags?post=40624"}],"curies":[{"name":"wp","href":"https:\/\/api.w.org\/{rel}","templated":true}]}}