{"id":40564,"date":"2023-06-20T14:25:41","date_gmt":"2023-06-20T14:25:41","guid":{"rendered":"https:\/\/todoapulmon-rafaela.com\/?p=40564"},"modified":"2023-06-20T14:41:35","modified_gmt":"2023-06-20T14:41:35","slug":"se-vienen-los-42k-de-rosario","status":"publish","type":"post","link":"https:\/\/todoapulmon-rafaela.com\/index.php\/2023\/06\/20\/se-vienen-los-42k-de-rosario\/","title":{"rendered":"Se vienen los 42k de Rosario"},"content":{"rendered":"<p>El pr\u00f3ximo domingo 25 de junio se correr\u00e1 la 21\u00aa edici\u00f3n de la Marat\u00f3n Internacional de la Bandera, en Rosario, ante una multitud y atletas de elite que prometen quebrar registros.<\/p>\n<p>La marat\u00f3n forma parte del ordenamiento nacional de competencias de esta disciplina, pero con el valor agregado de que ahora integra el calendario internacional de competencias de la World Athletics (organismo rector del atletismo mundial), de modo que las marcas que aqu\u00ed se registren podr\u00e1n transformarse en la base para participar en los <strong>Juegos Ol\u00edmpicos de Par\u00eds 2024.<\/strong><\/p>\n<p><strong>La marat\u00f3n largar\u00e1 a la hora 8 de la ma\u00f1ana y 15 minutos\u00a0<\/strong>despu\u00e9s comenzar\u00e1 una prueba integrativa, que cubrir\u00e1 una distancia de 10 km.<\/p>\n<p>Como es tradicional, se esperan participaciones de runners de Rafaela y la regi\u00f3n. Cabe mencionar que en el historial de la competencia ha sido tres veces ganador Nicol\u00e1s Ternavasio, el sanvicentino actualmente radicado en Pergamino.<\/p>\n<p><img loading=\"lazy\" decoding=\"async\" class=\"alignnone size-full wp-image-40568\" src=\"https:\/\/todoapulmon-rafaela.com\/wp-content\/uploads\/2023\/06\/Ternavasio-2017-rosario.jpg\" alt=\"\" width=\"1080\" height=\"720\" srcset=\"https:\/\/todoapulmon-rafaela.com\/wp-content\/uploads\/2023\/06\/Ternavasio-2017-rosario.jpg 1080w, https:\/\/todoapulmon-rafaela.com\/wp-content\/uploads\/2023\/06\/Ternavasio-2017-rosario-300x200.jpg 300w\" sizes=\"(max-width: 1080px) 100vw, 1080px\" \/><\/p>\n<p>Historial de ganadores en Hombres y Mujeres<\/p>\n<p>-2002 Iv\u00e1n \u00c1vila (2h 32m 10s); Poema Actis Alesina (3h 28m 16s)<\/p>\n<p>-2003 Mario Aguilera (2h 37m 07s); Pamela Mahon (3h 13m 04s)<\/p>\n<p>-2004 Omar Cretton (2h 37m 18s); Ana Paula Brunetti (3h 13m 30s)<\/p>\n<p>-2005 Claudio Burgos (2h 28m 14s); Ana Paula Brunetti (3h 14m 29s)<\/p>\n<p>-2006 Oscar Cort\u00ednez (2h 22m 08s); Carina Allay (2h 48m 23s)<\/p>\n<p>-2007 Jos\u00e9 Romero (2h 26m 40s); Andrea Graciano (2h 49m 57s)<\/p>\n<p>-2008 Cristian Mohamed (2h 27m 57s); Mar\u00eda Andrea Prado (3h 01m 52s)<\/p>\n<p>-2009 Jos\u00e9 Romero (2h 23m 46s); Ilaine Wandscheer (2h 52m 09s)<\/p>\n<p>-2010 Oscar Cort\u00ednez (2h 19m 43s); Mar\u00eda Gabriela Almada (2h 48m 58s)<\/p>\n<p>-2011 Nicol\u00e1s Ternavasio (2h 19m 54s); Mar\u00eda de los \u00c1ngeles Peralta (2h 47m 33s)<\/p>\n<p>-2012 Nicol\u00e1s Ternavasio (2h 21m 39s); Karina Neip\u00e1n (2h 48m 39s)<\/p>\n<p>-2013 Juan C. Hern\u00e1ndez (2h 24m 53s); Natalia Delvalle Acevedo (3h 09m 53s)<\/p>\n<p>-2014 Edgar Dar\u00edo R\u00edos (2h 20m 28s); Mar\u00eda de los \u00c1ngeles Peralta (2h 45m 35s)<\/p>\n<p>-2015 Lucas Bagaloni (2h 28m 42s); Florencia Est\u00e9vez (2h 59m 03s)<\/p>\n<p>-2016 Edgar Dar\u00edo R\u00edos (2h 24m 06s); Mar\u00eda Luj\u00e1n Urrutia (2h 48m 34s)<\/p>\n<p>-2017 Nicol\u00e1s Ternavasio (2h 29m 27s); Bel\u00e9n Iardino (2h 59m 25s)<\/p>\n<p>-2018 Gustavo Fern\u00e1ndez (2h 26m 39s); Cecilia Fern\u00e1ndez (2h 57m 23s)<\/p>\n<p>-2019 Edgar Dar\u00edo R\u00edos (2h 25m 11s); Ivana Celeste Toledo (3h 05m 02s)<\/p>\n<p>-2021 Pedro Luis G\u00f3mez (2h 16m 55s); Ludmila Mart\u00ednez (2h 55m 23s)<\/p>\n<p>-2022 Sergio Hoffmann (2h 32m 26s); Paula Narv\u00e1ez (2h 52m 18s).<\/p>\n","protected":false},"excerpt":{"rendered":"<p>El pr\u00f3ximo domingo 25 de junio se correr\u00e1 la 21\u00aa edici\u00f3n de la Marat\u00f3n Internacional de la Bandera, en Rosario,<\/p>\n","protected":false},"author":2,"featured_media":40566,"comment_status":"closed","ping_status":"closed","sticky":false,"template":"","format":"standard","meta":{"footnotes":""},"categories":[7,24],"tags":[],"class_list":["post-40564","post","type-post","status-publish","format-standard","has-post-thumbnail","hentry","category-atletismo","category-noticias-destacadas"],"cc_featured_image_caption":{"caption_text":"","source_text":"","source_url":""},"_links":{"self":[{"href":"https:\/\/todoapulmon-rafaela.com\/index.php\/wp-json\/wp\/v2\/posts\/40564"}],"collection":[{"href":"https:\/\/todoapulmon-rafaela.com\/index.php\/wp-json\/wp\/v2\/posts"}],"about":[{"href":"https:\/\/todoapulmon-rafaela.com\/index.php\/wp-json\/wp\/v2\/types\/post"}],"author":[{"embeddable":true,"href":"https:\/\/todoapulmon-rafaela.com\/index.php\/wp-json\/wp\/v2\/users\/2"}],"replies":[{"embeddable":true,"href":"https:\/\/todoapulmon-rafaela.com\/index.php\/wp-json\/wp\/v2\/comments?post=40564"}],"version-history":[{"count":2,"href":"https:\/\/todoapulmon-rafaela.com\/index.php\/wp-json\/wp\/v2\/posts\/40564\/revisions"}],"predecessor-version":[{"id":40570,"href":"https:\/\/todoapulmon-rafaela.com\/index.php\/wp-json\/wp\/v2\/posts\/40564\/revisions\/40570"}],"wp:featuredmedia":[{"embeddable":true,"href":"https:\/\/todoapulmon-rafaela.com\/index.php\/wp-json\/wp\/v2\/media\/40566"}],"wp:attachment":[{"href":"https:\/\/todoapulmon-rafaela.com\/index.php\/wp-json\/wp\/v2\/media?parent=40564"}],"wp:term":[{"taxonomy":"category","embeddable":true,"href":"https:\/\/todoapulmon-rafaela.com\/index.php\/wp-json\/wp\/v2\/categories?post=40564"},{"taxonomy":"post_tag","embeddable":true,"href":"https:\/\/todoapulmon-rafaela.com\/index.php\/wp-json\/wp\/v2\/tags?post=40564"}],"curies":[{"name":"wp","href":"https:\/\/api.w.org\/{rel}","templated":true}]}}