{"id":40526,"date":"2023-06-18T13:10:57","date_gmt":"2023-06-18T13:10:57","guid":{"rendered":"https:\/\/todoapulmon-rafaela.com\/?p=40526"},"modified":"2023-06-18T13:27:08","modified_gmt":"2023-06-18T13:27:08","slug":"lehmann-tuvo-un-gran-dia-con-el-provincial-de-cross-country","status":"publish","type":"post","link":"https:\/\/todoapulmon-rafaela.com\/index.php\/2023\/06\/18\/lehmann-tuvo-un-gran-dia-con-el-provincial-de-cross-country\/","title":{"rendered":"Lehmann tuvo un gran d\u00eda con el Provincial de Cross Country"},"content":{"rendered":"<p>Con gran \u00e9xito se desarroll\u00f3 en Lehmann el Campeonato Provincial de Atletismo, especialidad Cross Country.<br \/>\nEste s\u00e1bado 17 de junio, y en el marco de los festejos patronales de la localidad el atletismo tuvo su fiesta en el pueblo.<br \/>\nOrganizado por el Grupo de Atletismo Lehmann, bajo la \u00f3rbita de ADACA y la Federaci\u00f3n Santafesina de Atletismo, el evento se realiz\u00f3 en el predio del ferrocarril, utilizando un circuito de 2000 metros, con todos los aditamentos de un circuito todo terreno.<br \/>\nEl evento sin precedentes en esta localidad, cont\u00f3 con el auspicio de Comuna de Lehmann, discurriendo en una jornada con clima ideal para estar al aire libre.<br \/>\nAdem\u00e1s recordamos, que este esta competencia fue selectivo para el Campeonato Nacional que tendr\u00e1 lugar el 8 de julio pr\u00f3ximo en la ciudad de Ober\u00e1, provincia de Misiones.<br \/>\nEntre los participantes destac\u00f3 el representante local Benjam\u00edn Castillo Molina, quien nuevamente se consagr\u00f3 campe\u00f3n provincial, esta vez en categor\u00eda U20.<br \/>\nAdem\u00e1s, categor\u00eda U16 se present\u00f3 otro de los corredores del pueblo, el caso de Tom\u00e1s Ortiz, quien no pudo culminar la competencia por problemas f\u00edsicos.<\/p>\n<p>De la ciudad de Rafaela asistieron atletas juveniles del CRAS con meritorias performances, destac\u00e1ndose el triunfo de Sof\u00eda Fregona, entrenada por Ariel Magallanes, en categor\u00eda U16 femenino.<\/p>\n<p><img loading=\"lazy\" decoding=\"async\" class=\"alignnone size-full wp-image-40529\" src=\"https:\/\/todoapulmon-rafaela.com\/wp-content\/uploads\/2023\/06\/Cross-Country-Lehmann5.jpg\" alt=\"\" width=\"1600\" height=\"1066\" srcset=\"https:\/\/todoapulmon-rafaela.com\/wp-content\/uploads\/2023\/06\/Cross-Country-Lehmann5.jpg 1600w, https:\/\/todoapulmon-rafaela.com\/wp-content\/uploads\/2023\/06\/Cross-Country-Lehmann5-300x200.jpg 300w, https:\/\/todoapulmon-rafaela.com\/wp-content\/uploads\/2023\/06\/Cross-Country-Lehmann5-1536x1023.jpg 1536w\" sizes=\"(max-width: 1600px) 100vw, 1600px\" \/><\/p>\n<p>En mayores ganaron el rosarino Daniel Penta y la santafesina Andrea Lazzarini.<br \/>\nLuego de las pruebas por el campeonato provincial se disputaron carreras para ni\u00f1os y ni\u00f1as U14 y U12 con participaci\u00f3n de varios atletas locales.<\/p>\n<p><img loading=\"lazy\" decoding=\"async\" class=\"alignnone size-full wp-image-40530\" src=\"https:\/\/todoapulmon-rafaela.com\/wp-content\/uploads\/2023\/06\/Cross-Country-Lehmann.jpg\" alt=\"\" width=\"1600\" height=\"1066\" srcset=\"https:\/\/todoapulmon-rafaela.com\/wp-content\/uploads\/2023\/06\/Cross-Country-Lehmann.jpg 1600w, https:\/\/todoapulmon-rafaela.com\/wp-content\/uploads\/2023\/06\/Cross-Country-Lehmann-300x200.jpg 300w, https:\/\/todoapulmon-rafaela.com\/wp-content\/uploads\/2023\/06\/Cross-Country-Lehmann-1536x1023.jpg 1536w\" sizes=\"(max-width: 1600px) 100vw, 1600px\" \/><\/p>\n<p>A continuaci\u00f3n, las clasificaciones:<\/p>\n<p>U23-M<br \/>\n___________________________________<br \/>\nCampo a Traves 10 Km Manual : U23-M<br \/>\nFinal_A Fecha: 17\/06\/2023 Hora: 11.30<br \/>\n___________________________________<br \/>\n01 Zabala Santiago 23\/8 \/2001 ASA SF ARG 32.46.00<br \/>\n02 Olid Bautista 21\/10\/2003 ARDA SF ARG 34.30.00<br \/>\n03 Nava Santino 25\/6 \/2002 ARDA SF ARG 35.44.00<br \/>\n04 Decombard Milman Lucas Andres 26\/11\/2002 ASA SF ARG 37.28.00<br \/>\n05 Escobar Santiago Agustin 7 \/6 \/2002 ARDA SF ARG 40.04.00<br \/>\nMayores-M<br \/>\n___________________________________<br \/>\nCampo a Traves 10 Km Manual : Mayores-M<br \/>\nFinal_A Fecha: 17\/06\/2023 Hora: 11.30<br \/>\n___________________________________<br \/>\n01 Penta Daniel Oscar 2 \/6 \/1991 ARDA SF ARG 32.27.00<br \/>\n02 Ocampo Lautaro 17\/2 \/1998 ASA SF ARG 32.59.00<br \/>\n03 Farias Claudio Maximiliano 5 \/9 \/1998 ARDA SF ARG 33.16.00<br \/>\n04 Bruzzoni Lautaro 25\/9 \/1998 ARDA SF ARG 33.56.00<br \/>\n05 Crobat Cristian 30\/7 \/1987 ARDA SF ARG 34.10.00<br \/>\n99 Gardini Alexis 4 \/9 \/1998 ARDA SF ARG DNF<br \/>\nMayores-F<br \/>\n___________________________________<br \/>\nCampo a Traves 10 Km Manual : Mayores-F<br \/>\nFinal_A Fecha: 17\/06\/2023 Hora: 11.30<br \/>\n___________________________________<br \/>\n01 Lazzarini Andrea 9 \/6 \/1976 ARDA SF ARG 40.34.00<br \/>\n02 Custidiano Jennifer Rachel 16\/2 \/1993 ARDA SF ARG 41.58.00<br \/>\n99 Mora Valeria 23\/5 \/1997 ARDA SF ARG DNF<br \/>\nU20-M<br \/>\n___________________________________<br \/>\nCampo a Traves 8 Km Manual : U20-M<br \/>\nFinal_A Fecha: 17\/06\/2023 Hora: 11.30<br \/>\n___________________________________<br \/>\n01 Castillo Molina Benjamin 14\/9 \/2005 ADACA SF ARG 29.26.00<br \/>\n02 Badio Ignacio Antonio 9 \/10\/2005 ASA SF ARG 29.29.00<br \/>\n03 Margarian Franco David 9 \/12\/2005 ASA SF ARG 31.08.00<br \/>\n04 Lencina Jeremias Lauriano 9 \/1 \/2004 ASA SF ARG 34.27.00<br \/>\nU18-M<br \/>\n___________________________________<br \/>\nCampo a Traves 6 Km Manual : U18-M<br \/>\nFinal_A Fecha: 17\/06\/2023 Hora: 11.30<br \/>\n___________________________________<br \/>\n01 Bravo Guillermo 31\/5 \/2006 ANSA SF ARG 24.11.00<br \/>\n02 Lencina Samuel Tiziano 12\/8 \/2006 ASA SF ARG 24.38.00<br \/>\n03 Mu\u00f1oz Negri Eliseo Elias 8 \/9 \/2006 ANSA SF ARG 25.00.00<br \/>\nU18-F<br \/>\n___________________________________<br \/>\nCampo a Traves 4 Km Manual : U18-F<br \/>\nFinal_A Fecha: 17\/06\/2023 Hora: 11.30<br \/>\n___________________________________<br \/>\n01 Caligaris Nobile Agostina 19\/12\/2007 ARDA SF ARG 16.59.00<br \/>\n02 Leonardi Maria Constanza 18\/6 \/2007 ADACA SF ARG 18.04.00<br \/>\n03 Broda Julieta 13\/4 \/2007 ADACA SF ARG 18.50.00<br \/>\n04 Garcia Valentina 9 \/1 \/2006 ADACA SF ARG 19.35.00<br \/>\n05 Vergara Milena Marisol 8 \/6 \/2006 ANSA SF ARG 20.01.00<br \/>\nU16-M<br \/>\n___________________________________<br \/>\nCampo a Traves 3 Km Manual : U16-M<br \/>\nFinal_A Fecha: 16\/06\/2023 Hora: 10.30<br \/>\n___________________________________<br \/>\n01 Fernandez \u00d1awi 18\/12\/2008 ANSA SF ARG 11.52.00<br \/>\n02 Voisard Gael 13\/2 \/2009 ANSA SF ARG 12.02.00<br \/>\n99 Ortiz Tomas 21\/9 \/2009 ADACA SF ARG DNF<br \/>\nU16-F<br \/>\n___________________________________<br \/>\nCampo a Traves 3 Km Manual : U16-F<br \/>\nFinal_A Fecha: 16\/06\/2023 Hora: 10.30<br \/>\n___________________________________<br \/>\n01 Fregona Sofia 24\/6 \/2008 ADACA SF ARG 13.23.00<br \/>\n02 Coronel Malena 20\/4 \/2009 ANSA SF ARG 13.53.00<br \/>\n03 Mu\u00f1oz Negri Elisa 16\/9 \/2009 ANSA SF ARG 14.07.00<br \/>\n04 Coronel Pamela 20\/4 \/2009 ANSA SF ARG 14.08.00<br \/>\n05 Caligaris Nobile Francesca 5 \/8 \/2010 ARDA SF ARG 14.11.00<br \/>\n06 Arteriza Sofia Beatriz 3 \/3 \/2008 ASA.<\/p>\n<p><img loading=\"lazy\" decoding=\"async\" class=\"alignnone size-full wp-image-40531\" src=\"https:\/\/todoapulmon-rafaela.com\/wp-content\/uploads\/2023\/06\/Cross-Country10.jpg\" alt=\"\" width=\"852\" height=\"568\" srcset=\"https:\/\/todoapulmon-rafaela.com\/wp-content\/uploads\/2023\/06\/Cross-Country10.jpg 852w, https:\/\/todoapulmon-rafaela.com\/wp-content\/uploads\/2023\/06\/Cross-Country10-300x200.jpg 300w\" sizes=\"(max-width: 852px) 100vw, 852px\" \/><\/p>\n","protected":false},"excerpt":{"rendered":"<p>Con gran \u00e9xito se desarroll\u00f3 en Lehmann el Campeonato Provincial de Atletismo, especialidad Cross Country. Este s\u00e1bado 17 de junio,<\/p>\n","protected":false},"author":2,"featured_media":40528,"comment_status":"closed","ping_status":"closed","sticky":false,"template":"","format":"standard","meta":{"footnotes":""},"categories":[7,24],"tags":[],"class_list":["post-40526","post","type-post","status-publish","format-standard","has-post-thumbnail","hentry","category-atletismo","category-noticias-destacadas"],"cc_featured_image_caption":{"caption_text":"El local Benjam\u00edn Castillo Molina fue campe\u00f3n en U20. (Foto TTL Deportes).","source_text":"","source_url":""},"_links":{"self":[{"href":"https:\/\/todoapulmon-rafaela.com\/index.php\/wp-json\/wp\/v2\/posts\/40526"}],"collection":[{"href":"https:\/\/todoapulmon-rafaela.com\/index.php\/wp-json\/wp\/v2\/posts"}],"about":[{"href":"https:\/\/todoapulmon-rafaela.com\/index.php\/wp-json\/wp\/v2\/types\/post"}],"author":[{"embeddable":true,"href":"https:\/\/todoapulmon-rafaela.com\/index.php\/wp-json\/wp\/v2\/users\/2"}],"replies":[{"embeddable":true,"href":"https:\/\/todoapulmon-rafaela.com\/index.php\/wp-json\/wp\/v2\/comments?post=40526"}],"version-history":[{"count":3,"href":"https:\/\/todoapulmon-rafaela.com\/index.php\/wp-json\/wp\/v2\/posts\/40526\/revisions"}],"predecessor-version":[{"id":40534,"href":"https:\/\/todoapulmon-rafaela.com\/index.php\/wp-json\/wp\/v2\/posts\/40526\/revisions\/40534"}],"wp:featuredmedia":[{"embeddable":true,"href":"https:\/\/todoapulmon-rafaela.com\/index.php\/wp-json\/wp\/v2\/media\/40528"}],"wp:attachment":[{"href":"https:\/\/todoapulmon-rafaela.com\/index.php\/wp-json\/wp\/v2\/media?parent=40526"}],"wp:term":[{"taxonomy":"category","embeddable":true,"href":"https:\/\/todoapulmon-rafaela.com\/index.php\/wp-json\/wp\/v2\/categories?post=40526"},{"taxonomy":"post_tag","embeddable":true,"href":"https:\/\/todoapulmon-rafaela.com\/index.php\/wp-json\/wp\/v2\/tags?post=40526"}],"curies":[{"name":"wp","href":"https:\/\/api.w.org\/{rel}","templated":true}]}}