{"id":40523,"date":"2023-06-18T02:37:51","date_gmt":"2023-06-18T02:37:51","guid":{"rendered":"https:\/\/todoapulmon-rafaela.com\/?p=40523"},"modified":"2023-06-18T02:37:51","modified_gmt":"2023-06-18T02:37:51","slug":"natalia-vera-quedo-cerca-del-bronce","status":"publish","type":"post","link":"https:\/\/todoapulmon-rafaela.com\/index.php\/2023\/06\/18\/natalia-vera-quedo-cerca-del-bronce\/","title":{"rendered":"Natalia Vera qued\u00f3 cerca del bronce"},"content":{"rendered":"<div dir=\"auto\">La cuarta jornada del Campeonato Panamericano de Pista Elite que se desarrolla en el nuevo vel\u00f3dromo Vicente Chancay de San Juan tuvo buenas presentaciones argentinas.<\/div>\n<div dir=\"auto\">En una de ellas, en los 500 metros damas, Natalia Vera -representante del Club Ciclista de Rafaela- qued\u00f3 a un paso del bronce y fue 4ta. marcando 34.166; a menos de dos d\u00e9cimas de la mexicana Jessica Salazar, que fue tercera. La colombiana Martha Bayona estuvo en lo m\u00e1s alto del podio y la estadounidense Marquart Mandy en el segundo pelda\u00f1o. Adem\u00e1s, Valentina Luna qued\u00f3 7\u00b0 con 34.452.<\/div>\n<div dir=\"auto\">Lucas Vilar fue 4\u00b0 en la Velocidad individual. Se clasific\u00f3 para las semifinales tras vencer al canadiense Nick Wammes por 2 heats a uno. Posteriormente, cay\u00f3 en las semifinales ante el colombiano Kevin Quintero, y en la disputa por el bronce fue superado por En Fa Tjon (Surinam). El oro fue para Nicholas Paul (Trinidad y Tobago), quien fue escoltado por Quintero<\/div>\n<div dir=\"auto\">Nicol\u00e1s Tivani fue 7\u00b0 en el Omnium, mientras que en las Vueltas Puntables damas, Abril Garz\u00f3n fue 9\u00b0. En la persecuci\u00f3n individual femenina, Abril Capdevila qued\u00f3 9\u00b0 con un tiempo de 3.58.065. Canad\u00e1 se consolid\u00f3 m\u00e1s como l\u00edder del medallero, con el oro que se llev\u00f3 en la Persecuci\u00f3n individual femenina Ariane Bonhomme, mientras que su compatriota Fiona Majendie se colg\u00f3 la presea de plata y la colombiana Andrea Alzate, la de bronce.<\/div>\n","protected":false},"excerpt":{"rendered":"<p>La cuarta jornada del Campeonato Panamericano de Pista Elite que se desarrolla en el nuevo vel\u00f3dromo Vicente Chancay de San<\/p>\n","protected":false},"author":2,"featured_media":40524,"comment_status":"closed","ping_status":"closed","sticky":false,"template":"","format":"standard","meta":{"footnotes":""},"categories":[4,24],"tags":[],"class_list":["post-40523","post","type-post","status-publish","format-standard","has-post-thumbnail","hentry","category-ciclismo","category-noticias-destacadas"],"cc_featured_image_caption":{"caption_text":"FOTO FACPYR","source_text":"","source_url":""},"_links":{"self":[{"href":"https:\/\/todoapulmon-rafaela.com\/index.php\/wp-json\/wp\/v2\/posts\/40523"}],"collection":[{"href":"https:\/\/todoapulmon-rafaela.com\/index.php\/wp-json\/wp\/v2\/posts"}],"about":[{"href":"https:\/\/todoapulmon-rafaela.com\/index.php\/wp-json\/wp\/v2\/types\/post"}],"author":[{"embeddable":true,"href":"https:\/\/todoapulmon-rafaela.com\/index.php\/wp-json\/wp\/v2\/users\/2"}],"replies":[{"embeddable":true,"href":"https:\/\/todoapulmon-rafaela.com\/index.php\/wp-json\/wp\/v2\/comments?post=40523"}],"version-history":[{"count":1,"href":"https:\/\/todoapulmon-rafaela.com\/index.php\/wp-json\/wp\/v2\/posts\/40523\/revisions"}],"predecessor-version":[{"id":40525,"href":"https:\/\/todoapulmon-rafaela.com\/index.php\/wp-json\/wp\/v2\/posts\/40523\/revisions\/40525"}],"wp:featuredmedia":[{"embeddable":true,"href":"https:\/\/todoapulmon-rafaela.com\/index.php\/wp-json\/wp\/v2\/media\/40524"}],"wp:attachment":[{"href":"https:\/\/todoapulmon-rafaela.com\/index.php\/wp-json\/wp\/v2\/media?parent=40523"}],"wp:term":[{"taxonomy":"category","embeddable":true,"href":"https:\/\/todoapulmon-rafaela.com\/index.php\/wp-json\/wp\/v2\/categories?post=40523"},{"taxonomy":"post_tag","embeddable":true,"href":"https:\/\/todoapulmon-rafaela.com\/index.php\/wp-json\/wp\/v2\/tags?post=40523"}],"curies":[{"name":"wp","href":"https:\/\/api.w.org\/{rel}","templated":true}]}}