{"id":40423,"date":"2023-06-13T22:37:43","date_gmt":"2023-06-13T22:37:43","guid":{"rendered":"https:\/\/todoapulmon-rafaela.com\/?p=40423"},"modified":"2023-06-13T22:37:43","modified_gmt":"2023-06-13T22:37:43","slug":"la-clinica-en-crar-de-dos-figuras-emblematicas-del-hockey-argentino","status":"publish","type":"post","link":"https:\/\/todoapulmon-rafaela.com\/index.php\/2023\/06\/13\/la-clinica-en-crar-de-dos-figuras-emblematicas-del-hockey-argentino\/","title":{"rendered":"La Cl\u00ednica en CRAR de dos figuras emblem\u00e1ticas del hockey argentino"},"content":{"rendered":"<p>Una gran visita para disfrutar y aprovechar. Este mi\u00e9rcoles dos grandes figuras emblem\u00e1ticas del hockey argentino estar\u00e1n brindado una Cl\u00ednica en el CRAR. Pedro Ibarra, uno de los Leones campeones ol\u00edmpicos en R\u00edo 2016, y la gran referente del arco, Bel\u00e9n Succi, compartir\u00e1n su experiencia y capacidad desde las 17 horas, gratuita y abierta a jugadoras y jugadores de toda la regi\u00f3n.<br \/>\n\u00abCl\u00ednicas y Capacitaciones Deportivas\u00bb, como se denomina esta iniciativa, son cl\u00ednicas gestionadas\u00a0por medio del Gobierno de la Ciudad de Buenos Aires.\u00a0El Club anfitri\u00f3n en esta oportunidad es CRAR de Rafaela, siendo coordinadora del evento la Profesora Cecilia Ternengo.<\/p>\n<p><img loading=\"lazy\" decoding=\"async\" class=\"alignnone size-full wp-image-40426\" src=\"https:\/\/todoapulmon-rafaela.com\/wp-content\/uploads\/2023\/06\/Pedro-Ibarra.jpg\" alt=\"\" width=\"862\" height=\"485\" srcset=\"https:\/\/todoapulmon-rafaela.com\/wp-content\/uploads\/2023\/06\/Pedro-Ibarra.jpg 862w, https:\/\/todoapulmon-rafaela.com\/wp-content\/uploads\/2023\/06\/Pedro-Ibarra-300x169.jpg 300w\" sizes=\"(max-width: 862px) 100vw, 862px\" \/><br \/>\nAdem\u00e1s de los jugadores y entrenadores de la disciplina, es abierta a estudiantes con orientaci\u00f3n deportiva y padres que quieran participar de Rafaela y la regi\u00f3n. Una posibilidad \u00fanica de conocer a dos grandes de este deporte.<\/p>\n<p>TRAYECTORIAS<br \/>\n<strong>Pedro Ibarra:<\/strong>\u00a0Debut\u00f3 a los 16 a\u00f1os en la primera divisi\u00f3n del Club San Fernando. Jug\u00f3 profesionalmente en Europa durante 13 a\u00f1os. Capit\u00e1n hist\u00f3rico de los Leones.\u00a0 Obtuvo la medalla de oro en los Juegos Ol\u00edmpicos de R\u00edo de Janeiro 2016, Medalla de oro en los Juegos Panamericanos de Guadalajara 2011, Toronto 2015 y Lima 2019. Nominado por FIH a Mejor Jugador del Mundo en el a\u00f1o 2016.<br \/>\n<strong>Bel\u00e9n Succi:<\/strong>\u00a0Arquera, sus primeros pasos los di\u00f3 en el Club Atl\u00e9tico San Isidro. Integr\u00f3 el seleccionado nacional con quien\u00a0 obtuvo el Campeonato Mundial 2010, la medalla de bronce en los Juegos Ol\u00edmpicos de Pek\u00edn 2008, la medalla de plata en los Juegos Ol\u00edmpicos de Tokio 2020, seis Champions Trophy, una Liga Mundial y una Pro League. Fue elegida como mejor arquera del Mundial 2022 disputado en Espa\u00f1a y Pa\u00edses Bajos y es la arquera argentina m\u00e1s ganadora de todos los tiempos, gan\u00f3 16 t\u00edtulos a lo largo de 269 presentaciones.<\/p>\n","protected":false},"excerpt":{"rendered":"<p>Una gran visita para disfrutar y aprovechar. Este mi\u00e9rcoles dos grandes figuras emblem\u00e1ticas del hockey argentino estar\u00e1n brindado una Cl\u00ednica<\/p>\n","protected":false},"author":2,"featured_media":40425,"comment_status":"closed","ping_status":"closed","sticky":false,"template":"","format":"standard","meta":{"footnotes":""},"categories":[3,24],"tags":[],"class_list":["post-40423","post","type-post","status-publish","format-standard","has-post-thumbnail","hentry","category-hockey","category-noticias-destacadas"],"cc_featured_image_caption":{"caption_text":"","source_text":"","source_url":""},"_links":{"self":[{"href":"https:\/\/todoapulmon-rafaela.com\/index.php\/wp-json\/wp\/v2\/posts\/40423"}],"collection":[{"href":"https:\/\/todoapulmon-rafaela.com\/index.php\/wp-json\/wp\/v2\/posts"}],"about":[{"href":"https:\/\/todoapulmon-rafaela.com\/index.php\/wp-json\/wp\/v2\/types\/post"}],"author":[{"embeddable":true,"href":"https:\/\/todoapulmon-rafaela.com\/index.php\/wp-json\/wp\/v2\/users\/2"}],"replies":[{"embeddable":true,"href":"https:\/\/todoapulmon-rafaela.com\/index.php\/wp-json\/wp\/v2\/comments?post=40423"}],"version-history":[{"count":1,"href":"https:\/\/todoapulmon-rafaela.com\/index.php\/wp-json\/wp\/v2\/posts\/40423\/revisions"}],"predecessor-version":[{"id":40427,"href":"https:\/\/todoapulmon-rafaela.com\/index.php\/wp-json\/wp\/v2\/posts\/40423\/revisions\/40427"}],"wp:featuredmedia":[{"embeddable":true,"href":"https:\/\/todoapulmon-rafaela.com\/index.php\/wp-json\/wp\/v2\/media\/40425"}],"wp:attachment":[{"href":"https:\/\/todoapulmon-rafaela.com\/index.php\/wp-json\/wp\/v2\/media?parent=40423"}],"wp:term":[{"taxonomy":"category","embeddable":true,"href":"https:\/\/todoapulmon-rafaela.com\/index.php\/wp-json\/wp\/v2\/categories?post=40423"},{"taxonomy":"post_tag","embeddable":true,"href":"https:\/\/todoapulmon-rafaela.com\/index.php\/wp-json\/wp\/v2\/tags?post=40423"}],"curies":[{"name":"wp","href":"https:\/\/api.w.org\/{rel}","templated":true}]}}