{"id":40420,"date":"2023-06-13T17:36:29","date_gmt":"2023-06-13T17:36:29","guid":{"rendered":"https:\/\/todoapulmon-rafaela.com\/?p=40420"},"modified":"2023-06-13T17:36:29","modified_gmt":"2023-06-13T17:36:29","slug":"inscripciones-abiertas-para-el-congreso-de-la-bicicleta-en-rafaela","status":"publish","type":"post","link":"https:\/\/todoapulmon-rafaela.com\/index.php\/2023\/06\/13\/inscripciones-abiertas-para-el-congreso-de-la-bicicleta-en-rafaela\/","title":{"rendered":"Inscripciones abiertas para el Congreso de la Bicicleta en Rafaela"},"content":{"rendered":"<div class=\"adn ads\" data-message-id=\"#msg-f:1768544645131668834\" data-legacy-message-id=\"188b21fc0e7e0d62\">\n<div class=\"gs\">\n<div class=\"\">\n<div id=\":oj\" class=\"ii gt\">\n<div id=\":oi\" class=\"a3s aiL \">\n<div>\n<div>\n<div>\n<div>El jueves 15 de junio en el Centro Recreativo Metropolitano \u201cLa Estaci\u00f3n\u201d, se realizar\u00e1 el 4to Congreso Internacional de la Bicicleta (COMBICI), un espacio de encuentro y participaci\u00f3n, que busca reflexionar sobre la Movilidad Activa en territorio como acci\u00f3n clim\u00e1tica.<\/div>\n<div><\/div>\n<div>La iniciativa que se realiza en el marco de los Objetivos para el Desarrollo Sostenible propuestos por la Organizaci\u00f3n de las Naciones Unidas (ONU), es organizada por la Municipalidad de Rafaela, el Instituto de Desarrollo Sustentable y el Ministerio de Ambiente y Cambio Clim\u00e1tico del Gobierno de Santa Fe, junto con la ONG Plataforma de Sustentabilidad Integral.<\/div>\n<div><\/div>\n<div>Habr\u00e1 exposiciones, talleres y actividades interactivas vinculadas con la movilidad activa, en un nutrido programa.<\/div>\n<div><\/div>\n<div><strong>Programa del evento<\/strong><\/div>\n<div><strong>Exposiciones<\/strong><\/div>\n<div>4380 d\u00edas en bicicleta a cargo de Jimena Perez Marcheta (Salta).<\/div>\n<div>Co-fundadora de Argentina en Bici. Activista de la movilidad sustentable. Mujer notable del transporte 2020. Bicimam\u00e1. Luchadora por una ciudad para las infancias. Fundadora de Yending.<\/div>\n<div>\u00bfC\u00f3mo hacer factible la movilidad activa? a cargo de Andrea Gutierrez (Buenos Aires).<\/div>\n<div>Doctora de la Universidad de Buenos Aires. Licenciada en Geograf\u00eda. Investigadora CONICET. Directora de Programa Transporte y Territorio de la UBA.<\/div>\n<div>El Camino Activo: un recurso educativo y una iniciativa de movilidad sustentable y segura a cargo de Lucas Galak (Buenos Aires).<\/div>\n<div>Ge\u00f3grafo, consultor especialista en movilidad sustentable y segura. Especialista en camino escolar.<\/div>\n<div>Transitantes: la vivencia de habitar y moverse en las ciudades a cargo de Marce Butierrez. (Buenos Aires).<\/div>\n<div>Antrop\u00f3loga, investigadora feminista. Ex-becaria de investigaci\u00f3n de la Universidad Nacional de Salt. Redactora, investigadora y docente.<\/div>\n<div><\/div>\n<div>Adem\u00e1s se realizar\u00e1 un taller a cargo de Jimena Perez Marcheta, denominado: El secreto del equilibrio. T\u00e9cnicas para ense\u00f1ar a andar en bici.<\/div>\n<div><\/div>\n<div>Tambi\u00e9n la presentaci\u00f3n de la Gu\u00eda Provincial para el incremento de la Movilidad Activa. Rosario en bici. Proyecto ONG STS.<\/div>\n<div><\/div>\n<div>Y las experiencias de los municipios y comunas de Rafaela, Calchaqu\u00ed, Perez y Bigand.<\/div>\n<div><\/div>\n<div>Finalmente se compartir\u00e1n experiencias e historias con la bicicleta:<\/div>\n<div>La bicicleta como v\u00ednculo y el v\u00ednculo como camino a cargo de Natalia Bainotti (Rafaela).<\/div>\n<div>La empat\u00eda como modelo de negocio a cargo de Juan Ignacio Guajardo. (Buenos Aires).<\/div>\n<div>Circulantes: conversaciones sobre c\u00f3mo andamos a cargo de Federico Fritschi. (Rosario).<\/div>\n<div>\u00bfPodemos construir una bicicleta solar? a cargo de Ing Luis Silva de UNRaf (Rafaela).<\/div>\n<div>La bicicleta y una historia de vida a cargo de Daniela Villena (Perez)<\/div>\n<div><\/div>\n<div>Terminada la jornada se realizar\u00e1 una micro asamblea de participaci\u00f3n ciudadana, donde se plantear\u00e1n las necesidades para construir pol\u00edticas p\u00fablicas de movilidad sustentable y se determinar\u00e1n las conclusiones del 4to Congreso Internacional de la Bicicleta.<\/div>\n<div><\/div>\n<div>Durante toda la jornada habr\u00e1 adem\u00e1s feria de expositores, ferias de comidas, actividades recreativas y recorridos por la ciudad en bicicleta.<\/div>\n<div><\/div>\n<div>Con este tipo de actividades, Rafaela se consolida como una ciudad tur\u00edstica de eventos que se posiciona regional y provincialmente, generando reconocimiento y movimiento comercial en distintos rubros.<\/div>\n<div><\/div>\n<div><strong>P\u00fablico\u00a0<\/strong><\/div>\n<div>El encuentro est\u00e1 dirigido a personas interesadas en \u00a0la tem\u00e1tica a nivel nacional y provincial: funcionarios p\u00fablicos, grupos de ciclismo, emprendedores, empresas, ciclistas, estudiantes y p\u00fablico en general.<\/div>\n<div><\/div>\n<div>Todos aquellos que est\u00e9n interesados en participar del evento, deber\u00e1n inscribirse por formulario virtual:\u00a0<a href=\"http:\/\/t.ly\/mmPh\" target=\"_blank\" rel=\"noopener\" data-saferedirecturl=\"https:\/\/www.google.com\/url?q=http:\/\/t.ly\/mmPh&amp;source=gmail&amp;ust=1686763767512000&amp;usg=AOvVaw2EprQ4DdSuX1nTrCVcDoFz\">t.ly\/mmPh<\/a>. Para consultas e informaci\u00f3n sobre el encuentro, pueden escribir a\u00a0<a href=\"mailto:combicirafaela2023@gmail.com\" target=\"_blank\" rel=\"noopener\">combicirafaela2023@gmail.com<\/a>\u00a0o llamar al (03492) 504579.<\/div>\n<div><\/div>\n<div><strong>Jornada Virtual<\/strong><\/div>\n<div>La edici\u00f3n tambi\u00e9n incluir\u00e1 una jornada virtual el d\u00eda viernes 16 de junio a trav\u00e9s de la plataforma\u00a0<a href=\"http:\/\/www.combici.org\/\" target=\"_blank\" rel=\"noopener\" data-saferedirecturl=\"https:\/\/www.google.com\/url?q=http:\/\/www.combici.org&amp;source=gmail&amp;ust=1686763767512000&amp;usg=AOvVaw0Dz5Kao7fN3pu0FTIV2zOG\">www.combici.org<\/a>, convocando experiencias de todo el mundo, que estar\u00e1 a cargo de la ONG Plataforma de Sustentabilidad Integral, una ONG que trabaja desde el 2015 en red con instituciones sociales, p\u00fablicas y privadas en formar ciudadanos responsables y comprometidos con el medio ambiente y la comunidad.<\/div>\n<\/div>\n<\/div>\n<\/div>\n<\/div>\n<\/div>\n<\/div>\n<\/div>\n<\/div>\n<div class=\"gA gt acV\">\n<div class=\"gB xu\">\n<div class=\"ip iq\">\n<div id=\":ok\"><\/div>\n<\/div>\n<\/div>\n<\/div>\n","protected":false},"excerpt":{"rendered":"<p>El jueves 15 de junio en el Centro Recreativo Metropolitano \u201cLa Estaci\u00f3n\u201d, se realizar\u00e1 el 4to Congreso Internacional de la<\/p>\n","protected":false},"author":2,"featured_media":40421,"comment_status":"closed","ping_status":"closed","sticky":false,"template":"","format":"standard","meta":{"footnotes":""},"categories":[1],"tags":[],"class_list":["post-40420","post","type-post","status-publish","format-standard","has-post-thumbnail","hentry","category-sin-categoria"],"cc_featured_image_caption":{"caption_text":"","source_text":"","source_url":""},"_links":{"self":[{"href":"https:\/\/todoapulmon-rafaela.com\/index.php\/wp-json\/wp\/v2\/posts\/40420"}],"collection":[{"href":"https:\/\/todoapulmon-rafaela.com\/index.php\/wp-json\/wp\/v2\/posts"}],"about":[{"href":"https:\/\/todoapulmon-rafaela.com\/index.php\/wp-json\/wp\/v2\/types\/post"}],"author":[{"embeddable":true,"href":"https:\/\/todoapulmon-rafaela.com\/index.php\/wp-json\/wp\/v2\/users\/2"}],"replies":[{"embeddable":true,"href":"https:\/\/todoapulmon-rafaela.com\/index.php\/wp-json\/wp\/v2\/comments?post=40420"}],"version-history":[{"count":1,"href":"https:\/\/todoapulmon-rafaela.com\/index.php\/wp-json\/wp\/v2\/posts\/40420\/revisions"}],"predecessor-version":[{"id":40422,"href":"https:\/\/todoapulmon-rafaela.com\/index.php\/wp-json\/wp\/v2\/posts\/40420\/revisions\/40422"}],"wp:featuredmedia":[{"embeddable":true,"href":"https:\/\/todoapulmon-rafaela.com\/index.php\/wp-json\/wp\/v2\/media\/40421"}],"wp:attachment":[{"href":"https:\/\/todoapulmon-rafaela.com\/index.php\/wp-json\/wp\/v2\/media?parent=40420"}],"wp:term":[{"taxonomy":"category","embeddable":true,"href":"https:\/\/todoapulmon-rafaela.com\/index.php\/wp-json\/wp\/v2\/categories?post=40420"},{"taxonomy":"post_tag","embeddable":true,"href":"https:\/\/todoapulmon-rafaela.com\/index.php\/wp-json\/wp\/v2\/tags?post=40420"}],"curies":[{"name":"wp","href":"https:\/\/api.w.org\/{rel}","templated":true}]}}