{"id":40410,"date":"2023-06-13T13:16:29","date_gmt":"2023-06-13T13:16:29","guid":{"rendered":"https:\/\/todoapulmon-rafaela.com\/?p=40410"},"modified":"2023-06-13T13:35:54","modified_gmt":"2023-06-13T13:35:54","slug":"arqueros-rafaelinos-participaron-en-el-torneo-ranqueable-realizado-en-parana","status":"publish","type":"post","link":"https:\/\/todoapulmon-rafaela.com\/index.php\/2023\/06\/13\/arqueros-rafaelinos-participaron-en-el-torneo-ranqueable-realizado-en-parana\/","title":{"rendered":"Arqueros rafaelinos participaron en el torneo ranqueable realizado en Paran\u00e1"},"content":{"rendered":"<p>Arqueros representantes del Tiro Federal de Rafaela participaron este domingo 11 de junio del torneo ranqueable en la ciudad de Paran\u00e1, con la normativa establecida por World Archery (FATARCO), que cont\u00f3 con la participaci\u00f3n de 125 arqueros de diferentes localidades.<br \/>\nLos deportistas de Rafaela lograron importantes performances, resultados que reflejan el trabajo en equipo y el apoyo de entrenadores. A continuaci\u00f3n las posiciones obtenidas:<\/p>\n<p>Lucas Vazquez &#8211; 2do Puesto &#8211; Recurvo Sub-13 &#8211; 20 metros<br \/>\nGervasio Molinaro &#8211; 2do Puesto &#8211; Recurvo Escuela 30<br \/>\nSonia Franzotti &#8211; 3er Puesto &#8211; Recurvo Raso Escuela 40<br \/>\nAgustina Pogonza &#8211; 5do Puesto &#8211; Recurvo Escuela 30<br \/>\nMercedes Medran &#8211; 5do Puesto &#8211; Recurvo Escuela 20<br \/>\nMart\u00edn Re &#8211; 8vo Puesto &#8211; Compuesto Masculino Senior.<\/p>\n<p><img loading=\"lazy\" decoding=\"async\" class=\"alignnone size-full wp-image-40412\" src=\"https:\/\/todoapulmon-rafaela.com\/wp-content\/uploads\/2023\/06\/Ranqueable2.jpg\" alt=\"\" width=\"960\" height=\"1280\" srcset=\"https:\/\/todoapulmon-rafaela.com\/wp-content\/uploads\/2023\/06\/Ranqueable2.jpg 960w, https:\/\/todoapulmon-rafaela.com\/wp-content\/uploads\/2023\/06\/Ranqueable2-225x300.jpg 225w\" sizes=\"(max-width: 960px) 100vw, 960px\" \/><\/p>\n<p><img loading=\"lazy\" decoding=\"async\" class=\"alignnone size-full wp-image-40418\" src=\"https:\/\/todoapulmon-rafaela.com\/wp-content\/uploads\/2023\/06\/Ranqueable3.jpg\" alt=\"\" width=\"720\" height=\"1280\" srcset=\"https:\/\/todoapulmon-rafaela.com\/wp-content\/uploads\/2023\/06\/Ranqueable3.jpg 720w, https:\/\/todoapulmon-rafaela.com\/wp-content\/uploads\/2023\/06\/Ranqueable3-169x300.jpg 169w\" sizes=\"(max-width: 720px) 100vw, 720px\" \/><\/p>\n","protected":false},"excerpt":{"rendered":"<p>Arqueros representantes del Tiro Federal de Rafaela participaron este domingo 11 de junio del torneo ranqueable en la ciudad de<\/p>\n","protected":false},"author":2,"featured_media":40413,"comment_status":"closed","ping_status":"closed","sticky":false,"template":"","format":"standard","meta":{"footnotes":""},"categories":[24],"tags":[],"class_list":["post-40410","post","type-post","status-publish","format-standard","has-post-thumbnail","hentry","category-noticias-destacadas"],"cc_featured_image_caption":{"caption_text":"","source_text":"","source_url":""},"_links":{"self":[{"href":"https:\/\/todoapulmon-rafaela.com\/index.php\/wp-json\/wp\/v2\/posts\/40410"}],"collection":[{"href":"https:\/\/todoapulmon-rafaela.com\/index.php\/wp-json\/wp\/v2\/posts"}],"about":[{"href":"https:\/\/todoapulmon-rafaela.com\/index.php\/wp-json\/wp\/v2\/types\/post"}],"author":[{"embeddable":true,"href":"https:\/\/todoapulmon-rafaela.com\/index.php\/wp-json\/wp\/v2\/users\/2"}],"replies":[{"embeddable":true,"href":"https:\/\/todoapulmon-rafaela.com\/index.php\/wp-json\/wp\/v2\/comments?post=40410"}],"version-history":[{"count":4,"href":"https:\/\/todoapulmon-rafaela.com\/index.php\/wp-json\/wp\/v2\/posts\/40410\/revisions"}],"predecessor-version":[{"id":40419,"href":"https:\/\/todoapulmon-rafaela.com\/index.php\/wp-json\/wp\/v2\/posts\/40410\/revisions\/40419"}],"wp:featuredmedia":[{"embeddable":true,"href":"https:\/\/todoapulmon-rafaela.com\/index.php\/wp-json\/wp\/v2\/media\/40413"}],"wp:attachment":[{"href":"https:\/\/todoapulmon-rafaela.com\/index.php\/wp-json\/wp\/v2\/media?parent=40410"}],"wp:term":[{"taxonomy":"category","embeddable":true,"href":"https:\/\/todoapulmon-rafaela.com\/index.php\/wp-json\/wp\/v2\/categories?post=40410"},{"taxonomy":"post_tag","embeddable":true,"href":"https:\/\/todoapulmon-rafaela.com\/index.php\/wp-json\/wp\/v2\/tags?post=40410"}],"curies":[{"name":"wp","href":"https:\/\/api.w.org\/{rel}","templated":true}]}}