{"id":40400,"date":"2023-06-13T12:32:17","date_gmt":"2023-06-13T12:32:17","guid":{"rendered":"https:\/\/todoapulmon-rafaela.com\/?p=40400"},"modified":"2023-06-13T13:08:19","modified_gmt":"2023-06-13T13:08:19","slug":"comienza-el-panamericano-de-pista-en-san-juan","status":"publish","type":"post","link":"https:\/\/todoapulmon-rafaela.com\/index.php\/2023\/06\/13\/comienza-el-panamericano-de-pista-en-san-juan\/","title":{"rendered":"Comienza el Panamericano de Pista en San Juan"},"content":{"rendered":"<p>El Campeonato Panamericano de ciclismo de Pista comenzar\u00e1 este mi\u00e9rcoles 14 de junio en el nuevo vel\u00f3dromo Vicente Chancay de San Juan, con un programa de ma\u00f1ana y tarde hasta el s\u00e1bado, en tanto el domingo las actividades finalizar\u00e1n al mediod\u00eda, de acuerdo a lo informando en el calendario oficial divulgado por los organizadores.<\/p>\n<p>El seleccionado argentino, que tiene como uno de sus entrenadores a Daniel Capella, y a Natalia Vera y Alejo Betique como representantes del Club Ciclista de Rafaela, est\u00e1 concentrado desde el fin de semana ultimando detalles para llegar de la mejor manera a este gran torneo.<\/p>\n<p>Nati Vera tendr\u00e1 acci\u00f3n el mi\u00e9rcoles con la velocidad por equipos, el jueves en la velocidad individual y seguramente el domingo a la ma\u00f1ana en el keirin. Las participaciones masculinas ser\u00e1n de acuerdo a lo que disponga el cuerpo t\u00e9cnico encabezado por Walter P\u00e9rez.<\/p>\n<p><img loading=\"lazy\" decoding=\"async\" class=\"alignnone size-full wp-image-40408\" src=\"https:\/\/todoapulmon-rafaela.com\/wp-content\/uploads\/2023\/06\/Capella-y-Vera-en-Canada.jpg\" alt=\"\" width=\"720\" height=\"1280\" srcset=\"https:\/\/todoapulmon-rafaela.com\/wp-content\/uploads\/2023\/06\/Capella-y-Vera-en-Canada.jpg 720w, https:\/\/todoapulmon-rafaela.com\/wp-content\/uploads\/2023\/06\/Capella-y-Vera-en-Canada-169x300.jpg 169w\" sizes=\"(max-width: 720px) 100vw, 720px\" \/><\/p>\n<p>El hist\u00f3rico Campeonato continental de pista, adem\u00e1s servir\u00e1 de sede al certamen Mundial del 2025, tal y como le otorg\u00f3 la Union Ciclista Internacional.<\/p>\n<p>El s\u00e1bado comenz\u00f3 la venta online de tickets y este lunes inici\u00f3 el expendio presencial en el vel\u00f3dromo pocitano Vicente Chancay, a precios m\u00f3dicos y que permitir\u00e1n una asistencia de p\u00fablico para respaldar a los m\u00e1s de 200 pedalistas de m\u00e1s de 20 naciones que se dar\u00e1n cita en la justa.<\/p>\n<p>Toda la actividad se desarrollar\u00e1 en el nuevo recinto cicl\u00edstico y multiprop\u00f3sito ubicado en la ciudad \u00abParque de los Deportes\u00bb. El programa completo de la competencia, validado por la Conferencia Panamericana de Ciclismo (COPACI) lo puede encontrar aqu\u00ed:<\/p>\n<p><a href=\"https:\/\/todoapulmon-rafaela.com\/wp-content\/uploads\/2023\/06\/PROGRAMA-DE-COMPETENCIA-PANAMERICANO-PISTA-SAN-JUAN-2023.pdf\">-PROGRAMA DE COMPETENCIA &#8211; PANAMERICANO PISTA SAN JUAN 2023<\/a><\/p>\n","protected":false},"excerpt":{"rendered":"<p>El Campeonato Panamericano de ciclismo de Pista comenzar\u00e1 este mi\u00e9rcoles 14 de junio en el nuevo vel\u00f3dromo Vicente Chancay de<\/p>\n","protected":false},"author":2,"featured_media":40411,"comment_status":"closed","ping_status":"closed","sticky":false,"template":"","format":"standard","meta":{"footnotes":""},"categories":[4,24],"tags":[],"class_list":["post-40400","post","type-post","status-publish","format-standard","has-post-thumbnail","hentry","category-ciclismo","category-noticias-destacadas"],"cc_featured_image_caption":{"caption_text":"","source_text":"","source_url":""},"_links":{"self":[{"href":"https:\/\/todoapulmon-rafaela.com\/index.php\/wp-json\/wp\/v2\/posts\/40400"}],"collection":[{"href":"https:\/\/todoapulmon-rafaela.com\/index.php\/wp-json\/wp\/v2\/posts"}],"about":[{"href":"https:\/\/todoapulmon-rafaela.com\/index.php\/wp-json\/wp\/v2\/types\/post"}],"author":[{"embeddable":true,"href":"https:\/\/todoapulmon-rafaela.com\/index.php\/wp-json\/wp\/v2\/users\/2"}],"replies":[{"embeddable":true,"href":"https:\/\/todoapulmon-rafaela.com\/index.php\/wp-json\/wp\/v2\/comments?post=40400"}],"version-history":[{"count":3,"href":"https:\/\/todoapulmon-rafaela.com\/index.php\/wp-json\/wp\/v2\/posts\/40400\/revisions"}],"predecessor-version":[{"id":40409,"href":"https:\/\/todoapulmon-rafaela.com\/index.php\/wp-json\/wp\/v2\/posts\/40400\/revisions\/40409"}],"wp:featuredmedia":[{"embeddable":true,"href":"https:\/\/todoapulmon-rafaela.com\/index.php\/wp-json\/wp\/v2\/media\/40411"}],"wp:attachment":[{"href":"https:\/\/todoapulmon-rafaela.com\/index.php\/wp-json\/wp\/v2\/media?parent=40400"}],"wp:term":[{"taxonomy":"category","embeddable":true,"href":"https:\/\/todoapulmon-rafaela.com\/index.php\/wp-json\/wp\/v2\/categories?post=40400"},{"taxonomy":"post_tag","embeddable":true,"href":"https:\/\/todoapulmon-rafaela.com\/index.php\/wp-json\/wp\/v2\/tags?post=40400"}],"curies":[{"name":"wp","href":"https:\/\/api.w.org\/{rel}","templated":true}]}}