{"id":4040,"date":"2016-12-13T11:58:52","date_gmt":"2016-12-13T11:58:52","guid":{"rendered":"http:\/\/todoapulmon-rafaela.com\/?p=4040"},"modified":"2016-12-13T12:00:19","modified_gmt":"2016-12-13T12:00:19","slug":"santa-fe-con-entrenadores-rafaelinos-en-el-argentino-u17","status":"publish","type":"post","link":"https:\/\/todoapulmon-rafaela.com\/index.php\/2016\/12\/13\/santa-fe-con-entrenadores-rafaelinos-en-el-argentino-u17\/","title":{"rendered":"Santa Fe, con entrenadores rafaelinos en el Argentino U17"},"content":{"rendered":"<p>El seleccionado santafesino de categor\u00eda Sub 17, dirigido por Marcelo Miretti y con Gerardo Velazco como asistente, m\u00e1s Guillermo Martinuzzi en la parte f\u00edsica, har\u00e1 su estreno esta tarde en el Campeonato Argentino de la categor\u00eda en Goya, Corrientes. Ser\u00e1 desde las 18 frente a Tucum\u00e1n.<\/p>\n<p>Miretti, ex entrenador de Atl\u00e9tico de Rafaela, lleva tres temporadas en Atl\u00e9tico Ceres Uni\u00f3n y ha conseguido excelentes resultados en los Provinciales dirigiendo a Noroeste, motivo por el cual recibi\u00f3 la distinci\u00f3n de ser el entrenador del equipo, confiando en el rol de asistente en Velazco que desde hace algunos meses est\u00e1 al frente del primer equipo de Atl\u00e9tico. En cuanto a jugadores de la ARB, estar\u00e1n los jugadores de Libertad, Nicol\u00e1s Reynoso, Facundo Breques y Manuel Alonso, este \u00faltimo llegado hace pocos meses justamente desde Ceres.<\/p>\n<p><strong>El plantel<\/strong><\/p>\n<p><em>El cuerpo t\u00e9cnico lo integran Marcelo Miretti, Gerardo Velazco y Guillermo Martinuzzi. El plantel: Francisco Farabello (Sport), Francisco Vanni (Santa Paula), Facundo Viola (Uni\u00f3n San Guillermo), Manuel Alonso (Libertad de Sunchales), Juan Cruz Fornero (CACU), Juan Ignacio Bruni (Sport), Juan Ignacio Fernandez (Sport), Juli\u00e1n Eydallin (Talleres Villa Gobernador G\u00e1lvez), Facundo Breques (Libertad de Sunchales), Nicol\u00e1s Reynoso (Libertad de Sunchales); Alvaro Chervo (Sportsmen de Rosario) y Nicol\u00e1s Franco (Pe\u00f1arol de Mar del Plata).<\/em><\/p>\n<p>Luego de la presentaci\u00f3n ante los tucumanos, Santa Fe enfrentar\u00e1 el mi\u00e9rcoles a las 20 a Neuqu\u00e9n y el jueves a las 20 cerrar\u00e1 frente a Misiones. Los ganadores de zona y el mejor de los tres segundos clasificar\u00e1n a las semifinales del grupo Campeonato, mientras que despu\u00e9s los elencos se repartir\u00e1n en rondas Consuelo y Est\u00edmulo.<\/p>\n","protected":false},"excerpt":{"rendered":"<p>El seleccionado santafesino de categor\u00eda Sub 17, dirigido por Marcelo Miretti y con Gerardo Velazco como asistente, m\u00e1s Guillermo Martinuzzi<\/p>\n","protected":false},"author":2,"featured_media":4041,"comment_status":"open","ping_status":"open","sticky":false,"template":"","format":"standard","meta":{"footnotes":""},"categories":[5],"tags":[],"class_list":["post-4040","post","type-post","status-publish","format-standard","has-post-thumbnail","hentry","category-basquet"],"cc_featured_image_caption":{"caption_text":"Santa Fe U17 iniciar\u00e1 el campeonato argentino. (Foto prensa Federaci\u00f3n Santafesina).","source_text":"","source_url":""},"_links":{"self":[{"href":"https:\/\/todoapulmon-rafaela.com\/index.php\/wp-json\/wp\/v2\/posts\/4040"}],"collection":[{"href":"https:\/\/todoapulmon-rafaela.com\/index.php\/wp-json\/wp\/v2\/posts"}],"about":[{"href":"https:\/\/todoapulmon-rafaela.com\/index.php\/wp-json\/wp\/v2\/types\/post"}],"author":[{"embeddable":true,"href":"https:\/\/todoapulmon-rafaela.com\/index.php\/wp-json\/wp\/v2\/users\/2"}],"replies":[{"embeddable":true,"href":"https:\/\/todoapulmon-rafaela.com\/index.php\/wp-json\/wp\/v2\/comments?post=4040"}],"version-history":[{"count":1,"href":"https:\/\/todoapulmon-rafaela.com\/index.php\/wp-json\/wp\/v2\/posts\/4040\/revisions"}],"predecessor-version":[{"id":4042,"href":"https:\/\/todoapulmon-rafaela.com\/index.php\/wp-json\/wp\/v2\/posts\/4040\/revisions\/4042"}],"wp:featuredmedia":[{"embeddable":true,"href":"https:\/\/todoapulmon-rafaela.com\/index.php\/wp-json\/wp\/v2\/media\/4041"}],"wp:attachment":[{"href":"https:\/\/todoapulmon-rafaela.com\/index.php\/wp-json\/wp\/v2\/media?parent=4040"}],"wp:term":[{"taxonomy":"category","embeddable":true,"href":"https:\/\/todoapulmon-rafaela.com\/index.php\/wp-json\/wp\/v2\/categories?post=4040"},{"taxonomy":"post_tag","embeddable":true,"href":"https:\/\/todoapulmon-rafaela.com\/index.php\/wp-json\/wp\/v2\/tags?post=4040"}],"curies":[{"name":"wp","href":"https:\/\/api.w.org\/{rel}","templated":true}]}}