{"id":40296,"date":"2023-06-10T01:36:23","date_gmt":"2023-06-10T01:36:23","guid":{"rendered":"https:\/\/todoapulmon-rafaela.com\/?p=40296"},"modified":"2023-06-10T01:36:23","modified_gmt":"2023-06-10T01:36:23","slug":"la-keniata-que-en-una-semana-quebro-dos-recors-mundiales","status":"publish","type":"post","link":"https:\/\/todoapulmon-rafaela.com\/index.php\/2023\/06\/10\/la-keniata-que-en-una-semana-quebro-dos-recors-mundiales\/","title":{"rendered":"La keniata que en una semana quebr\u00f3 dos r\u00e9cors mundiales"},"content":{"rendered":"<p>La atleta keniana Faith Kipyegon firm\u00f3 este viernes un nuevo r\u00e9cord mundial en la distancia de 5.000 metros en la etapa de la Liga de Diamante en Par\u00eds, una semana despu\u00e9s de haber mejorado la plusmarca de todos los tiempos en 1.500 metros.<\/p>\n<p>Con un crono de 14:05.20, la keniana de 29 a\u00f1os mejor\u00f3 el anterior r\u00e9cord de la et\u00edope Letesenbet Gidey (14:06.62 en 2020), que fue segunda en la capital francesa.<\/p>\n<p>Kipyegon apenas ten\u00eda la experiencia de dos carreras sobre esta distancia, ambas hace ocho a\u00f1os, siendo su mejor marca 14m31s95 en Eugene, Oreg\u00f3n.<\/p>\n<p>En la misma reuni\u00f3n, el et\u00edope Lamecha Girma, subcampe\u00f3n ol\u00edmpico de la especialidad, estableci\u00f3 una nueva marca mundial en los 3.000m obst\u00e1culos con un tiempo de 7:52.12.<\/p>\n<p>Girme, de 22 a\u00f1os, super\u00f3 los 7:53.63 que el catar\u00ed Saif Saaeed Shaheen hab\u00eda conseguido en Bruselas en 2004.<\/p>\n<p>Kipyegon naci\u00f3 el 10 de enero de 1994 en Bornet, es la octava de los nueve hijos de una familia de campesinos en el famoso Valle del Rift, la gran cantera del atletismo keniata, convertido en potencia desde hace seis d\u00e9cadas. Durante su infancia y per\u00edodo escolar, Kipyegon jugaba f\u00fatbol, pero fue tambi\u00e9n en la escuela donde una profesora le vio sus condiciones atl\u00e9ticas. Ya en su familia, tanto su padre Samuel como su hermana mayor Beatrice eran corredores.<\/p>\n<p>Faith Kipyegon dio a luz, por ces\u00e1rea, a su hija Alyn en 2018. Doce meses despu\u00e9s, ya estaba nuevamente en competencias y en octubre del 2019 fue subcampeona del mundo en Doha, detr\u00e1s de la holandesa Sifan Hassan. Desde entonces, se convirti\u00f3 en una mediofondista invencible sobre 1.500 metros.<\/p>\n<p>&nbsp;<\/p>\n<p>&nbsp;<\/p>\n<p>&nbsp;<\/p>\n","protected":false},"excerpt":{"rendered":"<p>La atleta keniana Faith Kipyegon firm\u00f3 este viernes un nuevo r\u00e9cord mundial en la distancia de 5.000 metros en la<\/p>\n","protected":false},"author":2,"featured_media":40297,"comment_status":"closed","ping_status":"closed","sticky":false,"template":"","format":"standard","meta":{"footnotes":""},"categories":[7],"tags":[],"class_list":["post-40296","post","type-post","status-publish","format-standard","has-post-thumbnail","hentry","category-atletismo"],"cc_featured_image_caption":{"caption_text":"","source_text":"","source_url":""},"_links":{"self":[{"href":"https:\/\/todoapulmon-rafaela.com\/index.php\/wp-json\/wp\/v2\/posts\/40296"}],"collection":[{"href":"https:\/\/todoapulmon-rafaela.com\/index.php\/wp-json\/wp\/v2\/posts"}],"about":[{"href":"https:\/\/todoapulmon-rafaela.com\/index.php\/wp-json\/wp\/v2\/types\/post"}],"author":[{"embeddable":true,"href":"https:\/\/todoapulmon-rafaela.com\/index.php\/wp-json\/wp\/v2\/users\/2"}],"replies":[{"embeddable":true,"href":"https:\/\/todoapulmon-rafaela.com\/index.php\/wp-json\/wp\/v2\/comments?post=40296"}],"version-history":[{"count":2,"href":"https:\/\/todoapulmon-rafaela.com\/index.php\/wp-json\/wp\/v2\/posts\/40296\/revisions"}],"predecessor-version":[{"id":40299,"href":"https:\/\/todoapulmon-rafaela.com\/index.php\/wp-json\/wp\/v2\/posts\/40296\/revisions\/40299"}],"wp:featuredmedia":[{"embeddable":true,"href":"https:\/\/todoapulmon-rafaela.com\/index.php\/wp-json\/wp\/v2\/media\/40297"}],"wp:attachment":[{"href":"https:\/\/todoapulmon-rafaela.com\/index.php\/wp-json\/wp\/v2\/media?parent=40296"}],"wp:term":[{"taxonomy":"category","embeddable":true,"href":"https:\/\/todoapulmon-rafaela.com\/index.php\/wp-json\/wp\/v2\/categories?post=40296"},{"taxonomy":"post_tag","embeddable":true,"href":"https:\/\/todoapulmon-rafaela.com\/index.php\/wp-json\/wp\/v2\/tags?post=40296"}],"curies":[{"name":"wp","href":"https:\/\/api.w.org\/{rel}","templated":true}]}}