{"id":40286,"date":"2023-06-09T22:10:43","date_gmt":"2023-06-09T22:10:43","guid":{"rendered":"https:\/\/todoapulmon-rafaela.com\/?p=40286"},"modified":"2023-06-09T22:10:43","modified_gmt":"2023-06-09T22:10:43","slug":"cuarto-puesto-para-okon-en-concepcion-del-uruguay","status":"publish","type":"post","link":"https:\/\/todoapulmon-rafaela.com\/index.php\/2023\/06\/09\/cuarto-puesto-para-okon-en-concepcion-del-uruguay\/","title":{"rendered":"Cuarto puesto para Okon en Concepci\u00f3n del Uruguay"},"content":{"rendered":"<p>La participaci\u00f3n rafaelina en la primera jornada de los Grand Prix Sudamericanos en Concepci\u00f3n del Uruguay tuvo tambi\u00e9n a Abril Okon. La atleta de CRAS se ubic\u00f3 en cuarto puesto del salto en alto con un registro de 1m 60, igual marca que Jazmin Danna, por lo que los puestos se definieron en el desempate por nulos.<\/p>\n<p>Fue ganadora la favorita colombiana Hellen Tenorio Arboleda con 1m 77, seguida por la uruguaya Lorena Aires con 1m 74.<\/p>\n<table id=\"dataTables-example\" class=\"table table-striped table-bordered table-hover\">\n<thead>\n<tr>\n<th>Puesto<\/th>\n<th>N\u00b0<\/th>\n<th>Andanivel<\/th>\n<th>Nombre<\/th>\n<th>Dia<\/th>\n<th>Mes<\/th>\n<th>A\u00f1o<\/th>\n<th>Pais<\/th>\n<th>Marca<\/th>\n<\/tr>\n<\/thead>\n<tbody>\n<tr class=\"odd gradeX\">\n<td>01<\/td>\n<td>361<\/td>\n<td><\/td>\n<td class=\"initialism\">TENORIO ARBOLEDA HELLEN DAYAN<\/td>\n<td class=\"center\">14<\/td>\n<td class=\"center\">8<\/td>\n<td class=\"center\">2004<\/td>\n<td class=\"center\"><img decoding=\"async\" src=\"https:\/\/www.resultadosonline.org\/imagenes\/banderas\/COL.gif\" height=\"15\" \/><\/td>\n<td class=\"center\"><strong>1.77<\/strong><\/td>\n<\/tr>\n<tr class=\"odd gradeX\">\n<td>02<\/td>\n<td>362<\/td>\n<td><\/td>\n<td class=\"initialism\">AIRES LORENA<\/td>\n<td class=\"center\">8<\/td>\n<td class=\"center\">8<\/td>\n<td class=\"center\">1995<\/td>\n<td class=\"center\"><img decoding=\"async\" src=\"https:\/\/www.resultadosonline.org\/imagenes\/banderas\/URU.gif\" height=\"15\" \/><\/td>\n<td class=\"center\"><strong>1.74<\/strong><\/td>\n<\/tr>\n<tr class=\"odd gradeX\">\n<td>03<\/td>\n<td>365<\/td>\n<td><\/td>\n<td class=\"initialism\">DANNA ANAHIR JAZMIN<\/td>\n<td class=\"center\">1<\/td>\n<td class=\"center\">11<\/td>\n<td class=\"center\">2005<\/td>\n<td class=\"center\"><img decoding=\"async\" src=\"https:\/\/www.resultadosonline.org\/imagenes\/banderas\/ARG.gif\" height=\"15\" \/><\/td>\n<td class=\"center\"><strong>1.60<\/strong><\/td>\n<\/tr>\n<tr class=\"odd gradeX\">\n<td>04<\/td>\n<td>364<\/td>\n<td><\/td>\n<td class=\"initialism\">OKON ABRIL<\/td>\n<td class=\"center\">28<\/td>\n<td class=\"center\">9<\/td>\n<td class=\"center\">2004<\/td>\n<td class=\"center\"><img decoding=\"async\" src=\"https:\/\/www.resultadosonline.org\/imagenes\/banderas\/ARG.gif\" height=\"15\" \/><\/td>\n<td class=\"center\"><strong>1.60<\/strong><\/td>\n<\/tr>\n<tr class=\"odd gradeX\">\n<td>05<\/td>\n<td>363<\/td>\n<td><\/td>\n<td class=\"initialism\">LOPEZ NAYLA<\/td>\n<td class=\"center\">7<\/td>\n<td class=\"center\">1<\/td>\n<td class=\"center\">2005<\/td>\n<td class=\"center\"><img decoding=\"async\" src=\"https:\/\/www.resultadosonline.org\/imagenes\/banderas\/ARG.gif\" height=\"15\" \/><\/td>\n<td class=\"center\"><strong>1.55<\/strong><\/td>\n<\/tr>\n<tr class=\"odd gradeX\">\n<td>06<\/td>\n<td>367<\/td>\n<td><\/td>\n<td class=\"initialism\">LAMAGNI MILAGROS<\/td>\n<td class=\"center\">20<\/td>\n<td class=\"center\">5<\/td>\n<td class=\"center\">2001<\/td>\n<td class=\"center\"><img decoding=\"async\" src=\"https:\/\/www.resultadosonline.org\/imagenes\/banderas\/ARG.gif\" height=\"15\" \/><\/td>\n<td class=\"center\"><strong>1.55<\/strong><\/td>\n<\/tr>\n<tr class=\"odd gradeX\">\n<td>07<\/td>\n<td>369<\/td>\n<td><\/td>\n<td class=\"initialism\">KAMIKUBO NAOMI<\/td>\n<td class=\"center\">4<\/td>\n<td class=\"center\">3<\/td>\n<td class=\"center\">2004<\/td>\n<td class=\"center\"><img decoding=\"async\" src=\"https:\/\/www.resultadosonline.org\/imagenes\/banderas\/ARG.gif\" height=\"15\" \/><\/td>\n<td class=\"center\"><strong>1.50<\/strong><\/td>\n<\/tr>\n<\/tbody>\n<\/table>\n","protected":false},"excerpt":{"rendered":"<p>La participaci\u00f3n rafaelina en la primera jornada de los Grand Prix Sudamericanos en Concepci\u00f3n del Uruguay tuvo tambi\u00e9n a Abril<\/p>\n","protected":false},"author":2,"featured_media":40294,"comment_status":"closed","ping_status":"closed","sticky":false,"template":"","format":"standard","meta":{"footnotes":""},"categories":[7],"tags":[],"class_list":["post-40286","post","type-post","status-publish","format-standard","has-post-thumbnail","hentry","category-atletismo"],"cc_featured_image_caption":{"caption_text":"","source_text":"","source_url":""},"_links":{"self":[{"href":"https:\/\/todoapulmon-rafaela.com\/index.php\/wp-json\/wp\/v2\/posts\/40286"}],"collection":[{"href":"https:\/\/todoapulmon-rafaela.com\/index.php\/wp-json\/wp\/v2\/posts"}],"about":[{"href":"https:\/\/todoapulmon-rafaela.com\/index.php\/wp-json\/wp\/v2\/types\/post"}],"author":[{"embeddable":true,"href":"https:\/\/todoapulmon-rafaela.com\/index.php\/wp-json\/wp\/v2\/users\/2"}],"replies":[{"embeddable":true,"href":"https:\/\/todoapulmon-rafaela.com\/index.php\/wp-json\/wp\/v2\/comments?post=40286"}],"version-history":[{"count":1,"href":"https:\/\/todoapulmon-rafaela.com\/index.php\/wp-json\/wp\/v2\/posts\/40286\/revisions"}],"predecessor-version":[{"id":40287,"href":"https:\/\/todoapulmon-rafaela.com\/index.php\/wp-json\/wp\/v2\/posts\/40286\/revisions\/40287"}],"wp:featuredmedia":[{"embeddable":true,"href":"https:\/\/todoapulmon-rafaela.com\/index.php\/wp-json\/wp\/v2\/media\/40294"}],"wp:attachment":[{"href":"https:\/\/todoapulmon-rafaela.com\/index.php\/wp-json\/wp\/v2\/media?parent=40286"}],"wp:term":[{"taxonomy":"category","embeddable":true,"href":"https:\/\/todoapulmon-rafaela.com\/index.php\/wp-json\/wp\/v2\/categories?post=40286"},{"taxonomy":"post_tag","embeddable":true,"href":"https:\/\/todoapulmon-rafaela.com\/index.php\/wp-json\/wp\/v2\/tags?post=40286"}],"curies":[{"name":"wp","href":"https:\/\/api.w.org\/{rel}","templated":true}]}}