{"id":40284,"date":"2023-06-09T22:09:45","date_gmt":"2023-06-09T22:09:45","guid":{"rendered":"https:\/\/todoapulmon-rafaela.com\/?p=40284"},"modified":"2023-06-09T22:24:29","modified_gmt":"2023-06-09T22:24:29","slug":"emmert-quedo-cuarto-en-los-400-metros","status":"publish","type":"post","link":"https:\/\/todoapulmon-rafaela.com\/index.php\/2023\/06\/09\/emmert-quedo-cuarto-en-los-400-metros\/","title":{"rendered":"Emmert qued\u00f3 cuarto en los 400 metros"},"content":{"rendered":"<p>La de 400 metros llanos fue una de las competencias de mayor nivel en el Grand Prix Sudamericano \u00abAndr\u00e9s Calonje\u00bb que se desarroll\u00f3 este viernes en Concepci\u00f3n del Uruguay. La presencia de figuras sudamericanas de buenos antecedentes le dio inter\u00e9s para evaluar las respectivas performances.<\/p>\n<p>El rafaelino Pedro Emmert qued\u00f3 cuarto en la general con una marca de 47s 72, tras ser ganador en la Final B. El primero fue Douglas M\u00e9ndes Da Silva, de Brasil, con 46s 22, escoltado por el venezolano Kelvis Padrino Villazana con 46s 69, en tanto que el argentino Elian Larregina se ubic\u00f3 tercero con 46s 87.<\/p>\n<p>Emmert baj\u00f3 23 cent\u00e9simas el tiempo que hab\u00eda logrado hace un mes en el Nacional de Mayores, cuando fue campe\u00f3n nacional. El domingo competir\u00e1 en los 800 metros.<\/p>\n<table id=\"dataTables-example\" class=\"table table-striped table-bordered table-hover\">\n<thead>\n<tr>\n<th>Puesto<\/th>\n<th>N\u00b0<\/th>\n<th>Andanivel<\/th>\n<th>Nombre<\/th>\n<th>Dia<\/th>\n<th>Mes<\/th>\n<th>A\u00f1o<\/th>\n<th>Pais<\/th>\n<th>Marca<\/th>\n<\/tr>\n<\/thead>\n<tbody>\n<tr class=\"odd gradeX\">\n<td>01<\/td>\n<td>425<\/td>\n<td><\/td>\n<td class=\"initialism\">MENDES DA SILVA DOUGLAS HERNANDES<\/td>\n<td class=\"center\">4<\/td>\n<td class=\"center\">8<\/td>\n<td class=\"center\">2001<\/td>\n<td class=\"center\"><img decoding=\"async\" src=\"https:\/\/www.resultadosonline.org\/imagenes\/banderas\/BRA.gif\" height=\"15\" \/><\/td>\n<td class=\"center\"><strong>0.46.22<\/strong><\/td>\n<\/tr>\n<tr class=\"odd gradeX\">\n<td>02<\/td>\n<td>426<\/td>\n<td><\/td>\n<td class=\"initialism\">PADRINO VILLAZANA KELVIS JOSE<\/td>\n<td class=\"center\">26<\/td>\n<td class=\"center\">2<\/td>\n<td class=\"center\">1997<\/td>\n<td class=\"center\"><img decoding=\"async\" src=\"https:\/\/www.resultadosonline.org\/imagenes\/banderas\/VEN.gif\" height=\"15\" \/><\/td>\n<td class=\"center\"><strong>0.46.69<\/strong><\/td>\n<\/tr>\n<tr class=\"odd gradeX\">\n<td>03<\/td>\n<td>424<\/td>\n<td><\/td>\n<td class=\"initialism\">LARREGINA ELIAN GASPAR<\/td>\n<td class=\"center\">20<\/td>\n<td class=\"center\">2<\/td>\n<td class=\"center\">2000<\/td>\n<td class=\"center\"><img decoding=\"async\" src=\"https:\/\/www.resultadosonline.org\/imagenes\/banderas\/ARG.gif\" height=\"15\" \/><\/td>\n<td class=\"center\"><strong>0.46.87<\/strong><\/td>\n<\/tr>\n<tr class=\"odd gradeX\">\n<td>04<\/td>\n<td>430<\/td>\n<td><\/td>\n<td class=\"initialism\">EMMERT PEDRO<\/td>\n<td class=\"center\">11<\/td>\n<td class=\"center\">6<\/td>\n<td class=\"center\">2002<\/td>\n<td class=\"center\"><img decoding=\"async\" src=\"https:\/\/www.resultadosonline.org\/imagenes\/banderas\/ARG.gif\" height=\"15\" \/><\/td>\n<td class=\"center\"><strong>0.47.72<\/strong><\/td>\n<\/tr>\n<tr class=\"odd gradeX\">\n<td>05<\/td>\n<td>428<\/td>\n<td><\/td>\n<td class=\"initialism\">FALCHETTI MATIAS<\/td>\n<td class=\"center\">27<\/td>\n<td class=\"center\">9<\/td>\n<td class=\"center\">2000<\/td>\n<td class=\"center\"><img decoding=\"async\" src=\"https:\/\/www.resultadosonline.org\/imagenes\/banderas\/ARG.gif\" height=\"15\" \/><\/td>\n<td class=\"center\"><strong>0.48.58<\/strong><\/td>\n<\/tr>\n<tr class=\"odd gradeX\">\n<td>06<\/td>\n<td>431<\/td>\n<td><\/td>\n<td class=\"initialism\">GONZALEZ MATIAS<\/td>\n<td class=\"center\">7<\/td>\n<td class=\"center\">12<\/td>\n<td class=\"center\">1992<\/td>\n<td class=\"center\"><img decoding=\"async\" src=\"https:\/\/www.resultadosonline.org\/imagenes\/banderas\/URU.gif\" height=\"15\" \/><\/td>\n<td class=\"center\"><strong>0.48.77<\/strong><\/td>\n<\/tr>\n<tr class=\"odd gradeX\">\n<td>07<\/td>\n<td>427<\/td>\n<td><\/td>\n<td class=\"initialism\">SEPULVEDA SANDOVAL ALFREDO EMILIO<\/td>\n<td class=\"center\">3<\/td>\n<td class=\"center\">8<\/td>\n<td class=\"center\">1993<\/td>\n<td class=\"center\"><img decoding=\"async\" src=\"https:\/\/www.resultadosonline.org\/imagenes\/banderas\/CHI.gif\" height=\"15\" \/><\/td>\n<td class=\"center\"><strong>0.48.81<\/strong><\/td>\n<\/tr>\n<tr class=\"odd gradeX\">\n<td>08<\/td>\n<td>432<\/td>\n<td><\/td>\n<td class=\"initialism\">PEREYRA JULIAN<\/td>\n<td class=\"center\">24<\/td>\n<td class=\"center\">12<\/td>\n<td class=\"center\">1999<\/td>\n<td class=\"center\"><img decoding=\"async\" src=\"https:\/\/www.resultadosonline.org\/imagenes\/banderas\/ARG.gif\" height=\"15\" \/><\/td>\n<td class=\"center\"><strong>0.48.92<\/strong><\/td>\n<\/tr>\n<\/tbody>\n<\/table>\n","protected":false},"excerpt":{"rendered":"<p>La de 400 metros llanos fue una de las competencias de mayor nivel en el Grand Prix Sudamericano \u00abAndr\u00e9s Calonje\u00bb<\/p>\n","protected":false},"author":2,"featured_media":40295,"comment_status":"closed","ping_status":"closed","sticky":false,"template":"","format":"standard","meta":{"footnotes":""},"categories":[7],"tags":[],"class_list":["post-40284","post","type-post","status-publish","format-standard","has-post-thumbnail","hentry","category-atletismo"],"cc_featured_image_caption":{"caption_text":"","source_text":"","source_url":""},"_links":{"self":[{"href":"https:\/\/todoapulmon-rafaela.com\/index.php\/wp-json\/wp\/v2\/posts\/40284"}],"collection":[{"href":"https:\/\/todoapulmon-rafaela.com\/index.php\/wp-json\/wp\/v2\/posts"}],"about":[{"href":"https:\/\/todoapulmon-rafaela.com\/index.php\/wp-json\/wp\/v2\/types\/post"}],"author":[{"embeddable":true,"href":"https:\/\/todoapulmon-rafaela.com\/index.php\/wp-json\/wp\/v2\/users\/2"}],"replies":[{"embeddable":true,"href":"https:\/\/todoapulmon-rafaela.com\/index.php\/wp-json\/wp\/v2\/comments?post=40284"}],"version-history":[{"count":3,"href":"https:\/\/todoapulmon-rafaela.com\/index.php\/wp-json\/wp\/v2\/posts\/40284\/revisions"}],"predecessor-version":[{"id":40293,"href":"https:\/\/todoapulmon-rafaela.com\/index.php\/wp-json\/wp\/v2\/posts\/40284\/revisions\/40293"}],"wp:featuredmedia":[{"embeddable":true,"href":"https:\/\/todoapulmon-rafaela.com\/index.php\/wp-json\/wp\/v2\/media\/40295"}],"wp:attachment":[{"href":"https:\/\/todoapulmon-rafaela.com\/index.php\/wp-json\/wp\/v2\/media?parent=40284"}],"wp:term":[{"taxonomy":"category","embeddable":true,"href":"https:\/\/todoapulmon-rafaela.com\/index.php\/wp-json\/wp\/v2\/categories?post=40284"},{"taxonomy":"post_tag","embeddable":true,"href":"https:\/\/todoapulmon-rafaela.com\/index.php\/wp-json\/wp\/v2\/tags?post=40284"}],"curies":[{"name":"wp","href":"https:\/\/api.w.org\/{rel}","templated":true}]}}