{"id":40282,"date":"2023-06-09T22:08:08","date_gmt":"2023-06-09T22:08:08","guid":{"rendered":"https:\/\/todoapulmon-rafaela.com\/?p=40282"},"modified":"2023-06-09T22:08:08","modified_gmt":"2023-06-09T22:08:08","slug":"mondino-fue-tercero-en-los-100-metros-del-grand-prix","status":"publish","type":"post","link":"https:\/\/todoapulmon-rafaela.com\/index.php\/2023\/06\/09\/mondino-fue-tercero-en-los-100-metros-del-grand-prix\/","title":{"rendered":"Mondino fue tercero en los 100 metros del Grand Prix"},"content":{"rendered":"<p>Este viernes se desarroll\u00f3 la primera fecha de los Grand Prix Sudamericanos en Concepci\u00f3n del Uruguay, con la disputa del torneo \u00abAndr\u00e9s Calonje\u00bb. Una de las pruebas salientes fueron los 100 metros llanos, donde particip\u00f3 el rafaelino Tom\u00e1s Mondino.<\/p>\n<p>El velocista de nuestra ciudad gan\u00f3 su serie con 10s 81 y luego fue tercero en la final con 10s 51. El ganador de la competencia fue el paraguayo C\u00e9sar Almir\u00f3n con 10s31, mientras que segundo qued\u00f3 el argentino Franco Florio con 10s 42.<\/p>\n<p>Mondino tambi\u00e9n competir\u00e1 el domingo en los 200 metros del torneo \u00abHugo La Nasa\u00bb.<\/p>\n<table id=\"dataTables-example\" class=\"table table-striped table-bordered table-hover\">\n<thead>\n<tr>\n<th>Puesto<\/th>\n<th>N\u00b0<\/th>\n<th>Andanivel<\/th>\n<th>Nombre<\/th>\n<th>Dia<\/th>\n<th>Mes<\/th>\n<th>A\u00f1o<\/th>\n<th>Pais<\/th>\n<th>Marca<\/th>\n<\/tr>\n<\/thead>\n<tbody>\n<tr class=\"odd gradeX\">\n<td>01<\/td>\n<td>404<\/td>\n<td>4<\/td>\n<td class=\"initialism\">ALMIRON ESCOBAR CESAR<\/td>\n<td class=\"center\">6<\/td>\n<td class=\"center\">8<\/td>\n<td class=\"center\">2001<\/td>\n<td class=\"center\"><img decoding=\"async\" src=\"https:\/\/www.resultadosonline.org\/imagenes\/banderas\/PAR.gif\" height=\"15\" \/><\/td>\n<td class=\"center\"><strong>10.31<\/strong><\/td>\n<\/tr>\n<tr class=\"odd gradeX\">\n<td>02<\/td>\n<td>403<\/td>\n<td>3<\/td>\n<td class=\"initialism\">FLORIO FRANCO<\/td>\n<td class=\"center\">30<\/td>\n<td class=\"center\">5<\/td>\n<td class=\"center\">2000<\/td>\n<td class=\"center\"><img decoding=\"async\" src=\"https:\/\/www.resultadosonline.org\/imagenes\/banderas\/ARG.gif\" height=\"15\" \/><\/td>\n<td class=\"center\"><strong>10.42<\/strong><\/td>\n<\/tr>\n<tr class=\"odd gradeX\">\n<td>03<\/td>\n<td>405<\/td>\n<td>2<\/td>\n<td class=\"initialism\">MONDINO TOM\u00c1S<\/td>\n<td class=\"center\">27<\/td>\n<td class=\"center\">5<\/td>\n<td class=\"center\">2005<\/td>\n<td class=\"center\"><img decoding=\"async\" src=\"https:\/\/www.resultadosonline.org\/imagenes\/banderas\/ARG.gif\" height=\"15\" \/><\/td>\n<td class=\"center\"><strong>10.51<\/strong><\/td>\n<\/tr>\n<tr class=\"odd gradeX\">\n<td>04<\/td>\n<td>410<\/td>\n<td>5<\/td>\n<td class=\"initialism\">VILLEGAS LUCAS ADRIAN<\/td>\n<td class=\"center\">30<\/td>\n<td class=\"center\">4<\/td>\n<td class=\"center\">2004<\/td>\n<td class=\"center\"><img decoding=\"async\" src=\"https:\/\/www.resultadosonline.org\/imagenes\/banderas\/ARG.gif\" height=\"15\" \/><\/td>\n<td class=\"center\"><strong>10.58<\/strong><\/td>\n<\/tr>\n<tr class=\"odd gradeX\">\n<td>05<\/td>\n<td>407<\/td>\n<td>1<\/td>\n<td class=\"initialism\">LONDERO DANIEL RODRIGO<\/td>\n<td class=\"center\">5<\/td>\n<td class=\"center\">5<\/td>\n<td class=\"center\">1998<\/td>\n<td class=\"center\"><img decoding=\"async\" src=\"https:\/\/www.resultadosonline.org\/imagenes\/banderas\/ARG.gif\" height=\"15\" \/><\/td>\n<td class=\"center\"><strong>10.59<\/strong><\/td>\n<\/tr>\n<tr class=\"odd gradeX\">\n<td>06<\/td>\n<td>411<\/td>\n<td>6<\/td>\n<td class=\"initialism\">WOLK REIMER JONATHAN ALEXIS<\/td>\n<td class=\"center\">30<\/td>\n<td class=\"center\">5<\/td>\n<td class=\"center\">1999<\/td>\n<td class=\"center\"><img decoding=\"async\" src=\"https:\/\/www.resultadosonline.org\/imagenes\/banderas\/PAR.gif\" height=\"15\" \/><\/td>\n<td class=\"center\"><strong>10.88<\/strong><\/td>\n<\/tr>\n<\/tbody>\n<\/table>\n","protected":false},"excerpt":{"rendered":"<p>Este viernes se desarroll\u00f3 la primera fecha de los Grand Prix Sudamericanos en Concepci\u00f3n del Uruguay, con la disputa del<\/p>\n","protected":false},"author":2,"featured_media":40291,"comment_status":"closed","ping_status":"closed","sticky":false,"template":"","format":"standard","meta":{"footnotes":""},"categories":[7,24],"tags":[],"class_list":["post-40282","post","type-post","status-publish","format-standard","has-post-thumbnail","hentry","category-atletismo","category-noticias-destacadas"],"cc_featured_image_caption":{"caption_text":"","source_text":"","source_url":""},"_links":{"self":[{"href":"https:\/\/todoapulmon-rafaela.com\/index.php\/wp-json\/wp\/v2\/posts\/40282"}],"collection":[{"href":"https:\/\/todoapulmon-rafaela.com\/index.php\/wp-json\/wp\/v2\/posts"}],"about":[{"href":"https:\/\/todoapulmon-rafaela.com\/index.php\/wp-json\/wp\/v2\/types\/post"}],"author":[{"embeddable":true,"href":"https:\/\/todoapulmon-rafaela.com\/index.php\/wp-json\/wp\/v2\/users\/2"}],"replies":[{"embeddable":true,"href":"https:\/\/todoapulmon-rafaela.com\/index.php\/wp-json\/wp\/v2\/comments?post=40282"}],"version-history":[{"count":2,"href":"https:\/\/todoapulmon-rafaela.com\/index.php\/wp-json\/wp\/v2\/posts\/40282\/revisions"}],"predecessor-version":[{"id":40289,"href":"https:\/\/todoapulmon-rafaela.com\/index.php\/wp-json\/wp\/v2\/posts\/40282\/revisions\/40289"}],"wp:featuredmedia":[{"embeddable":true,"href":"https:\/\/todoapulmon-rafaela.com\/index.php\/wp-json\/wp\/v2\/media\/40291"}],"wp:attachment":[{"href":"https:\/\/todoapulmon-rafaela.com\/index.php\/wp-json\/wp\/v2\/media?parent=40282"}],"wp:term":[{"taxonomy":"category","embeddable":true,"href":"https:\/\/todoapulmon-rafaela.com\/index.php\/wp-json\/wp\/v2\/categories?post=40282"},{"taxonomy":"post_tag","embeddable":true,"href":"https:\/\/todoapulmon-rafaela.com\/index.php\/wp-json\/wp\/v2\/tags?post=40282"}],"curies":[{"name":"wp","href":"https:\/\/api.w.org\/{rel}","templated":true}]}}