{"id":40256,"date":"2023-06-08T20:36:28","date_gmt":"2023-06-08T20:36:28","guid":{"rendered":"https:\/\/todoapulmon-rafaela.com\/?p=40256"},"modified":"2023-06-08T20:37:07","modified_gmt":"2023-06-08T20:37:07","slug":"40256","status":"publish","type":"post","link":"https:\/\/todoapulmon-rafaela.com\/index.php\/2023\/06\/08\/40256\/","title":{"rendered":"Las Panteras confirmadas para la gira"},"content":{"rendered":"<div class=\"mail-message-content collapsible zoom-normal mail-show-images \">\n<div class=\"clear\">\n<div dir=\"ltr\">\n<p>Las Panteras viajar\u00e1n este viernes rumbo a C\u00f3rdoba para la gira internacional en la que enfrentar\u00e1n a Cuba en cinco partidos entre el 10 y 17 de junio.<\/p>\n<p>En primer lugar, el s\u00e1bado 10 se enfrentar\u00e1n en la ciudad cordobesa de Oncativo, mientra que el domingo 11 la sede ser\u00e1 Villa Mar\u00eda. M\u00e1s tarde, viajar\u00e1n rumbo a Rosario donde jugar\u00e1n en el Club Provincial el martes 13, con transmisi\u00f3n en vivo de TyC Sports.<\/p>\n<p>La gira continuar\u00e1 el jueves 15, en Rafaela (Coliseo del Sur del Club Ben Hur), con transmisi\u00f3n de DEPORTV y cerrar\u00e1n el s\u00e1bado 17 en C\u00f3rdoba capital, nuevamente con el partido en vivo a trav\u00e9s de TyC Sports.<\/p>\n<p>Las Panteras tienen un 2023 cargado de competencia con la Copa Panamericana en agosto, el Sudamericano en ese mismo mes, el Preol\u00edmpico en septiembre y los Juegos Panamericanos posteriormente.<\/p>\n<p>Plantel Gira C\u00f3rdoba y Santa Fe<br \/>\nVictoria Mayer<br \/>\nMar\u00eda Luz Cosulich<br \/>\nTatiana Vera<br \/>\nErika Mercado<br \/>\nBianca Cugno<br \/>\nEugenia Nosach<br \/>\nYamila Nizetich<br \/>\nDaniela Bulaich<br \/>\nCandela Salinas<br \/>\nAntonela Fortuna<br \/>\nAgostina Beltramino<br \/>\nCandelaria Herrera<br \/>\nBianca Farriol<br \/>\nBrenda Graff<br \/>\nZoe Studer<br \/>\nAgostina Pelozo<br \/>\nTatiana Rizzo<\/p>\n<p>Cuerpo t\u00e9cnico<br \/>\nDT: Daniel Castellani<br \/>\nAsistente: Facundo Morando<br \/>\nAsistente: Marcos Milinkovic<br \/>\nAsistente: Mart\u00edn Ambrosini<br \/>\nPF: Juli\u00e1n Budano<br \/>\nEstad\u00edstico: Federico Fern\u00e1ndez Mentaberry<br \/>\nKinesi\u00f3loga: Roc\u00edo Flamini<br \/>\nManager: V\u00edctor R\u00edos.<\/p>\n<\/div>\n<\/div>\n<\/div>\n","protected":false},"excerpt":{"rendered":"<p>Las Panteras viajar\u00e1n este viernes rumbo a C\u00f3rdoba para la gira internacional en la que enfrentar\u00e1n a Cuba en cinco<\/p>\n","protected":false},"author":2,"featured_media":40257,"comment_status":"closed","ping_status":"closed","sticky":false,"template":"","format":"standard","meta":{"footnotes":""},"categories":[24,16],"tags":[],"class_list":["post-40256","post","type-post","status-publish","format-standard","has-post-thumbnail","hentry","category-noticias-destacadas","category-voley"],"cc_featured_image_caption":{"caption_text":"Foto FEVA","source_text":"","source_url":""},"_links":{"self":[{"href":"https:\/\/todoapulmon-rafaela.com\/index.php\/wp-json\/wp\/v2\/posts\/40256"}],"collection":[{"href":"https:\/\/todoapulmon-rafaela.com\/index.php\/wp-json\/wp\/v2\/posts"}],"about":[{"href":"https:\/\/todoapulmon-rafaela.com\/index.php\/wp-json\/wp\/v2\/types\/post"}],"author":[{"embeddable":true,"href":"https:\/\/todoapulmon-rafaela.com\/index.php\/wp-json\/wp\/v2\/users\/2"}],"replies":[{"embeddable":true,"href":"https:\/\/todoapulmon-rafaela.com\/index.php\/wp-json\/wp\/v2\/comments?post=40256"}],"version-history":[{"count":2,"href":"https:\/\/todoapulmon-rafaela.com\/index.php\/wp-json\/wp\/v2\/posts\/40256\/revisions"}],"predecessor-version":[{"id":40259,"href":"https:\/\/todoapulmon-rafaela.com\/index.php\/wp-json\/wp\/v2\/posts\/40256\/revisions\/40259"}],"wp:featuredmedia":[{"embeddable":true,"href":"https:\/\/todoapulmon-rafaela.com\/index.php\/wp-json\/wp\/v2\/media\/40257"}],"wp:attachment":[{"href":"https:\/\/todoapulmon-rafaela.com\/index.php\/wp-json\/wp\/v2\/media?parent=40256"}],"wp:term":[{"taxonomy":"category","embeddable":true,"href":"https:\/\/todoapulmon-rafaela.com\/index.php\/wp-json\/wp\/v2\/categories?post=40256"},{"taxonomy":"post_tag","embeddable":true,"href":"https:\/\/todoapulmon-rafaela.com\/index.php\/wp-json\/wp\/v2\/tags?post=40256"}],"curies":[{"name":"wp","href":"https:\/\/api.w.org\/{rel}","templated":true}]}}