{"id":40159,"date":"2023-06-05T13:24:40","date_gmt":"2023-06-05T13:24:40","guid":{"rendered":"https:\/\/todoapulmon-rafaela.com\/?p=40159"},"modified":"2023-06-05T13:28:05","modified_gmt":"2023-06-05T13:28:05","slug":"amancay-tuvo-65-nadadores-en-la-primera-fecha-de-al-limite","status":"publish","type":"post","link":"https:\/\/todoapulmon-rafaela.com\/index.php\/2023\/06\/05\/amancay-tuvo-65-nadadores-en-la-primera-fecha-de-al-limite\/","title":{"rendered":"Amancay tuvo 65 nadadores en la primera fecha de \u00abAl L\u00edmite\u00bb"},"content":{"rendered":"<p>El s\u00e1bado 3 de junio se realiz\u00f3 en las renovadas instalaciones de Club Uni\u00f3n de Sunchales, como siempre bajo la organizaci\u00f3n del grupo de Nataci\u00f3n Master de la mencionada instituci\u00f3n, la primera fecha del circuito de postas 2023 denominado \u201cAl l\u00edmite\u201d.<\/p>\n<p>Este a\u00f1o la prueba consist\u00eda en nadar una hora entre cuatro nadadores relev\u00e1ndose cada 50 metros. La competencia est\u00e1 dividida por categor\u00edas de acuerdo al sexo y la sumatoria de a\u00f1os de cada equipo. El Natatorio Amancay concurri\u00f3 con 65 nadadores en 17 postas siendo la instituci\u00f3n m\u00e1s numerosa de la competencia<strong>. \u201c<\/strong>Otro a\u00f1o m\u00e1s participando de estos encuentros de Nataci\u00f3n que organiza la gente del Club Uni\u00f3n\u00bb, nos comentaba Gabriela Mezzo coordinadora del Natatorio. \u00abNuevamente con una gran participaci\u00f3n de nadadores y muchos debutantes en las pruebas de todas las edades y sexos. Nos pone muy contentos que nuestros alumnos se animen a participar en estas competencias de car\u00e1cter competitivo\/recreativo, donde el objetivo real es poner el mayor esfuerzo personal, pero viniendo a pasarla bien. Queremos agradecer a los profes que nos acompa\u00f1an incentivando a los alumnos y tambi\u00e9n a las familias que acompa\u00f1an a los nadadores, un agradecimiento especial para los que nos ayudan a poder registrar los tiempos de nuestros nadadores y sacarles unas fotos para mostr\u00e1rselas post-nadada y quede como recuerdo de su participacion\u201d, agreg\u00f3 Gabriela.<\/p>\n<p><img loading=\"lazy\" decoding=\"async\" class=\"alignnone size-full wp-image-40161\" src=\"https:\/\/todoapulmon-rafaela.com\/wp-content\/uploads\/2023\/06\/Amancay-en-Sunchales3.jpg\" alt=\"\" width=\"900\" height=\"1600\" srcset=\"https:\/\/todoapulmon-rafaela.com\/wp-content\/uploads\/2023\/06\/Amancay-en-Sunchales3.jpg 900w, https:\/\/todoapulmon-rafaela.com\/wp-content\/uploads\/2023\/06\/Amancay-en-Sunchales3-169x300.jpg 169w, https:\/\/todoapulmon-rafaela.com\/wp-content\/uploads\/2023\/06\/Amancay-en-Sunchales3-844x1500.jpg 844w, https:\/\/todoapulmon-rafaela.com\/wp-content\/uploads\/2023\/06\/Amancay-en-Sunchales3-864x1536.jpg 864w\" sizes=\"(max-width: 900px) 100vw, 900px\" \/><\/p>\n<p>Los resultados de las postas del Natatorio Amancay en cada categor\u00eda fueron:<\/p>\n<p><u>Postas Femeninas hasta 120 a\u00f1os<\/u>:<\/p>\n<p><strong>Primer puesto para la posta<\/strong> <strong>\u201cTremendas las pibas\u201d integrada por: <\/strong>Emilia Garc\u00eda, Verena Bertero, Alma Platner y Caterina Guti\u00e9rrez.<\/p>\n<p><strong>Segundo puesto para la posta<\/strong> <strong>\u201cUNRAF-Femenino\u201d integrada por: <\/strong>Delfina Borlle, Noelia Barberis, Ibel Copes y Valentina Peretto. (Desde hace varios a\u00f1os estamos entrenando en el Natatorio Amancay a trav\u00e9s de un convenio).<\/p>\n<p><strong>Tercer puesto para la posta<\/strong> <strong>\u201cLas Mojarritas\u201d integrada por: <\/strong>Perlina Domenichini, Josefina Durando, Camila Fabrizio y Araceli Kloster.<\/p>\n<p><img loading=\"lazy\" decoding=\"async\" class=\"alignnone size-full wp-image-40162\" src=\"https:\/\/todoapulmon-rafaela.com\/wp-content\/uploads\/2023\/06\/Amancay-en-Sunchales-15.jpg\" alt=\"\" width=\"775\" height=\"720\" srcset=\"https:\/\/todoapulmon-rafaela.com\/wp-content\/uploads\/2023\/06\/Amancay-en-Sunchales-15.jpg 775w, https:\/\/todoapulmon-rafaela.com\/wp-content\/uploads\/2023\/06\/Amancay-en-Sunchales-15-300x279.jpg 300w\" sizes=\"(max-width: 775px) 100vw, 775px\" \/><\/p>\n<p><u>Postas Femeninas hasta 160 a\u00f1os<\/u>:<\/p>\n<p><strong>Primer puesto para <\/strong><strong>\u201cLas Dorys\u201d integrada por: <\/strong>Gabriela Mezzo, Natalia Carinelli, Veronica Monesterollo y Catalina Giraudo.<\/p>\n<p><strong>Segundo puesto para la posta \u201cNi ah\u00ed el sexo d\u00e9bil\u201d integrada por:<\/strong> Josefina Echarri, Mariana Rabbi, Florencia Giro y Laura Zelin.<\/p>\n<p><strong>Cuarto puesto para la posta \u201cJuntas son dinamita\u201d integrada por:<\/strong> Carolina Cejas, Natalia Chiabrando, Carolina De Giovani, Hilen Heffelen.<\/p>\n<p><strong>Quinto puesto para la posta \u201cSubmarinas Amarillas\u201d integrada por:<\/strong> Carolina Kaufman, Melisa Forno, Macarena Quiroga y Bel\u00e9n Virginio.<\/p>\n<p><u>Postas Masculinas hasta 120 a\u00f1os<\/u>:<\/p>\n<p><strong>Primer puesto empatado por las postas <\/strong><strong>\u201cLa Barra de los Trapos\u201d integrada por: <\/strong>Pedro Taborda, Ignacio Blainq, Benjamin Soto y Germ\u00e1n Mehring. <strong>Y la posta \u201cLos Profesionales\u201d integrada por: <\/strong>Agustina Acastello, Andr\u00e9s Bonino, Agustin Demichelis y Santiago Paserini.<\/p>\n<p><img loading=\"lazy\" decoding=\"async\" class=\"alignnone size-full wp-image-40163\" src=\"https:\/\/todoapulmon-rafaela.com\/wp-content\/uploads\/2023\/06\/Amancay-en-Sunchales-12.jpg\" alt=\"\" width=\"1200\" height=\"1600\" srcset=\"https:\/\/todoapulmon-rafaela.com\/wp-content\/uploads\/2023\/06\/Amancay-en-Sunchales-12.jpg 1200w, https:\/\/todoapulmon-rafaela.com\/wp-content\/uploads\/2023\/06\/Amancay-en-Sunchales-12-225x300.jpg 225w, https:\/\/todoapulmon-rafaela.com\/wp-content\/uploads\/2023\/06\/Amancay-en-Sunchales-12-1125x1500.jpg 1125w, https:\/\/todoapulmon-rafaela.com\/wp-content\/uploads\/2023\/06\/Amancay-en-Sunchales-12-1152x1536.jpg 1152w\" sizes=\"(max-width: 1200px) 100vw, 1200px\" \/><\/p>\n<p><u>Postas Masculinas hasta 160 a\u00f1os<\/u>:<\/p>\n<p><strong>Cuarto puesto para la posta \u201cLos Manaties\u201d integrada por:<\/strong> Andr\u00e9s Amherdt, Guillermo Fernandez, David Parmit y Ezequiel Arnold.<\/p>\n<p><strong>S\u00e9ptimo puesto para la posta \u201cCocodrilos\u201d integrada por: <\/strong>Andr\u00e9s Colon, Cristian Gaitan, Guillermo Hang y Ezequiel Arnold.<\/p>\n<p><strong>Octavo lugar puesto para la posta \u201cLos Debutantes\u201d integrada por: <\/strong>Miguel Berrueta, Marcos Gramaglia, Leandro Rossa y Martin Morgada.<\/p>\n<p><img loading=\"lazy\" decoding=\"async\" class=\"alignnone size-full wp-image-40160\" src=\"https:\/\/todoapulmon-rafaela.com\/wp-content\/uploads\/2023\/06\/Amancay-en-Sunchales.jpg\" alt=\"\" width=\"1600\" height=\"719\" srcset=\"https:\/\/todoapulmon-rafaela.com\/wp-content\/uploads\/2023\/06\/Amancay-en-Sunchales.jpg 1600w, https:\/\/todoapulmon-rafaela.com\/wp-content\/uploads\/2023\/06\/Amancay-en-Sunchales-300x135.jpg 300w, https:\/\/todoapulmon-rafaela.com\/wp-content\/uploads\/2023\/06\/Amancay-en-Sunchales-1536x690.jpg 1536w\" sizes=\"(max-width: 1600px) 100vw, 1600px\" \/><\/p>\n<p><u>Postas Masculinas hasta 200 a\u00f1os<\/u>:<\/p>\n<p><strong>Primer puesto para la posta \u201cDream Team\u201d integrada por:<\/strong> Pablo Scozzina, Germ\u00e1n Mehring, Pablo Fontana y Facundo Rubino.<\/p>\n<p><img loading=\"lazy\" decoding=\"async\" class=\"alignnone size-full wp-image-40166\" src=\"https:\/\/todoapulmon-rafaela.com\/wp-content\/uploads\/2023\/06\/Amancay-en-Sunchales5.jpg\" alt=\"\" width=\"900\" height=\"1600\" srcset=\"https:\/\/todoapulmon-rafaela.com\/wp-content\/uploads\/2023\/06\/Amancay-en-Sunchales5.jpg 900w, https:\/\/todoapulmon-rafaela.com\/wp-content\/uploads\/2023\/06\/Amancay-en-Sunchales5-169x300.jpg 169w, https:\/\/todoapulmon-rafaela.com\/wp-content\/uploads\/2023\/06\/Amancay-en-Sunchales5-844x1500.jpg 844w, https:\/\/todoapulmon-rafaela.com\/wp-content\/uploads\/2023\/06\/Amancay-en-Sunchales5-864x1536.jpg 864w\" sizes=\"(max-width: 900px) 100vw, 900px\" \/><\/p>\n<p><strong>Sexto puesto para la posta \u201cLos Sieteros\u201d integrada por:<\/strong> Cristian Casciola, Nicol\u00e1s Colombero, Mauricio Mailhou y Roberto Espinoza.<\/p>\n<p><strong>S\u00e9ptimo puesto para la posta \u201cAl fin se animaron\u201d integrada por: <\/strong>Emiliano Bono, Daniel Ferrero, Dar\u00edo Giraudo y Claudio Hubelli.<\/p>\n<p><u>Postas Masculinas hasta 240 a\u00f1os<\/u>:<\/p>\n<p><strong>Primer puesto para la posta \u201cLos Ballenatos\u201d integrada por:<\/strong> Javier Losano, Eduardo Maretto, Eloy Salado y Martin Morgada.<\/p>\n<p><img loading=\"lazy\" decoding=\"async\" class=\"alignnone size-full wp-image-40165\" src=\"https:\/\/todoapulmon-rafaela.com\/wp-content\/uploads\/2023\/06\/Amancay-en-Sunchales-7.jpg\" alt=\"\" width=\"1200\" height=\"1600\" srcset=\"https:\/\/todoapulmon-rafaela.com\/wp-content\/uploads\/2023\/06\/Amancay-en-Sunchales-7.jpg 1200w, https:\/\/todoapulmon-rafaela.com\/wp-content\/uploads\/2023\/06\/Amancay-en-Sunchales-7-225x300.jpg 225w, https:\/\/todoapulmon-rafaela.com\/wp-content\/uploads\/2023\/06\/Amancay-en-Sunchales-7-1125x1500.jpg 1125w, https:\/\/todoapulmon-rafaela.com\/wp-content\/uploads\/2023\/06\/Amancay-en-Sunchales-7-1152x1536.jpg 1152w\" sizes=\"(max-width: 1200px) 100vw, 1200px\" \/><\/p>\n<p><u>Postas Mixtas hasta 120 a\u00f1os:<\/u><\/p>\n<p><strong>Segundo Puesto para la posta \u201cMinuto y Medio\u201d integrada por:<\/strong> Jorgelina Pautasso, Tom\u00e1s Cervosa, Camila Ledheros y Andr\u00e9s Colon.<\/p>\n<p>Desde el Natatorio Amancay nos mencionan que est\u00e1n muy felices por la excelente participaci\u00f3n de sus nadadores y felicitan al grupo de Nataci\u00f3n Master del Club Atl\u00e9tico Uni\u00f3n por la organizaci\u00f3n del torneo.<\/p>\n<p>&nbsp;<\/p>\n","protected":false},"excerpt":{"rendered":"<p>El s\u00e1bado 3 de junio se realiz\u00f3 en las renovadas instalaciones de Club Uni\u00f3n de Sunchales, como siempre bajo la<\/p>\n","protected":false},"author":2,"featured_media":40164,"comment_status":"closed","ping_status":"closed","sticky":false,"template":"","format":"standard","meta":{"footnotes":""},"categories":[26,24],"tags":[],"class_list":["post-40159","post","type-post","status-publish","format-standard","has-post-thumbnail","hentry","category-natacion","category-noticias-destacadas"],"cc_featured_image_caption":{"caption_text":"","source_text":"","source_url":""},"_links":{"self":[{"href":"https:\/\/todoapulmon-rafaela.com\/index.php\/wp-json\/wp\/v2\/posts\/40159"}],"collection":[{"href":"https:\/\/todoapulmon-rafaela.com\/index.php\/wp-json\/wp\/v2\/posts"}],"about":[{"href":"https:\/\/todoapulmon-rafaela.com\/index.php\/wp-json\/wp\/v2\/types\/post"}],"author":[{"embeddable":true,"href":"https:\/\/todoapulmon-rafaela.com\/index.php\/wp-json\/wp\/v2\/users\/2"}],"replies":[{"embeddable":true,"href":"https:\/\/todoapulmon-rafaela.com\/index.php\/wp-json\/wp\/v2\/comments?post=40159"}],"version-history":[{"count":3,"href":"https:\/\/todoapulmon-rafaela.com\/index.php\/wp-json\/wp\/v2\/posts\/40159\/revisions"}],"predecessor-version":[{"id":40169,"href":"https:\/\/todoapulmon-rafaela.com\/index.php\/wp-json\/wp\/v2\/posts\/40159\/revisions\/40169"}],"wp:featuredmedia":[{"embeddable":true,"href":"https:\/\/todoapulmon-rafaela.com\/index.php\/wp-json\/wp\/v2\/media\/40164"}],"wp:attachment":[{"href":"https:\/\/todoapulmon-rafaela.com\/index.php\/wp-json\/wp\/v2\/media?parent=40159"}],"wp:term":[{"taxonomy":"category","embeddable":true,"href":"https:\/\/todoapulmon-rafaela.com\/index.php\/wp-json\/wp\/v2\/categories?post=40159"},{"taxonomy":"post_tag","embeddable":true,"href":"https:\/\/todoapulmon-rafaela.com\/index.php\/wp-json\/wp\/v2\/tags?post=40159"}],"curies":[{"name":"wp","href":"https:\/\/api.w.org\/{rel}","templated":true}]}}