{"id":4011,"date":"2016-12-08T17:16:17","date_gmt":"2016-12-08T17:16:17","guid":{"rendered":"http:\/\/todoapulmon-rafaela.com\/?p=4011"},"modified":"2016-12-08T17:16:17","modified_gmt":"2016-12-08T17:16:17","slug":"mayco-vivas-en-la-concentracion-final-del-ano-2","status":"publish","type":"post","link":"https:\/\/todoapulmon-rafaela.com\/index.php\/2016\/12\/08\/mayco-vivas-en-la-concentracion-final-del-ano-2\/","title":{"rendered":"Mayco Vivas en la concentraci\u00f3n final del a\u00f1o"},"content":{"rendered":"<p>El cierre de a\u00f1o para Los Pumitas viene con una nueva concentraci\u00f3n. En esta oportunidad ser\u00e1 en Villa Carlos Paz, donde fue nuevamente citado el pilar rafaelino Mayco Vivas. En esta convocatoria, el jugador de CRAR es el \u00fanico en cuanto a clubes de la Uni\u00f3n Santafesina.<\/p>\n<p>\u00abEsta Concentraci\u00f3n Nacional que se va a llevar a cabo en Villa Carlos Paz desde el lunes al mi\u00e9rcoles venidero, es una oportunidad especial para testear, para juntarnos, para seguir armando el grupo, para trabajar en partes mentales, hacer video, an\u00e1lisis t\u00e1cticos. Son poquitos d\u00edas en lo que es muy importante -como siempre- el di\u00e1logo, la convivencia y la comunicaci\u00f3n\u201d expres\u00f3 Gast\u00f3n Conde, entrenador de los Juveniles.<br \/>\nHabr\u00e1 otra en enero, con otros jugadores.<br \/>\nPara esta Concentraci\u00f3n Nacional, se van a repasar cuestiones relacionadas con el juego, pero no en el campo. Se ver\u00e1n im\u00e1genes y se har\u00e1n an\u00e1lisis individuales.<br \/>\n\u201cInsistimos con el trabajo de formaci\u00f3n de grupo para llegar bien a la parte final, la decisiva, para tratar de ganarse el lugar de cara al Mundial. Es muy importante para que en el futuro, sea un verdadero equipo que sea la suma de todas las partes\u201d asegur\u00f3.<br \/>\nTambi\u00e9n, esta Concentraci\u00f3n Nacional servir\u00e1 para presentar el staff que va a trabajar de cara a la parte final del trabajo rumbo a Georgia 2017: Entrenadores, M\u00e9dicos, Preparadores F\u00edsicos, Kinesios, Comunicaci\u00f3n, todas las \u00e1reas.<br \/>\nEn esta oportunidad son 40 los jugadores convocados, pero hay m\u00e1s chicos en la lista y por ello ser\u00e1n distintos en enero, en que habr\u00e1 una nueva reuni\u00f3n de estas caracter\u00edsticas en las que se incorporar\u00e1n m\u00e1s jugadores.<br \/>\n\u201cComo habitualmente les decimos, el trabajo es todos los d\u00edas y todos est\u00e1n siendo evaluados y en consideraci\u00f3n\u201d finaliz\u00f3 Conde. (Fuente Uni\u00f3n Argentina de Rugby).<\/p>\n<table width=\"575\">\n<tbody>\n<tr>\n<td width=\"23\"><\/td>\n<td width=\"142\"><strong>Jugador<\/strong><\/td>\n<td width=\"88\"><strong>Puesto<\/strong><\/td>\n<td width=\"149\"><strong>Club<\/strong><\/td>\n<td width=\"94\"><strong>Uni\u00f3n<\/strong><\/td>\n<\/tr>\n<tr>\n<td>1<\/td>\n<td>Albornoz, Tom\u00e1s<\/td>\n<td>Apertura<\/td>\n<td>Tucum\u00e1n Rugby<\/td>\n<td>Tucum\u00e1n<\/td>\n<\/tr>\n<tr>\n<td>2<\/td>\n<td>Boronat, Vicente<\/td>\n<td>3ra l\u00ednea<\/td>\n<td>CASI<\/td>\n<td>URBA<\/td>\n<\/tr>\n<tr>\n<td>3<\/td>\n<td>Carreras, Santiago<\/td>\n<td>Centro<\/td>\n<td>C\u00f3rdoba Athletic<\/td>\n<td>Cordobesa<\/td>\n<\/tr>\n<tr>\n<td>4<\/td>\n<td>Castiglioni, Teo<\/td>\n<td>Medioscrum<\/td>\n<td>GER<\/td>\n<td>Rosario<\/td>\n<\/tr>\n<tr>\n<td>5<\/td>\n<td>Castro, Juan Pablo<\/td>\n<td>Fullback<\/td>\n<td>San Juan RC<\/td>\n<td>Sanjuanina<\/td>\n<\/tr>\n<tr>\n<td>6<\/td>\n<td>Corval\u00e1n, Javier<\/td>\n<td>Pilar<\/td>\n<td>Deportiva Francesa<\/td>\n<td>URBA<\/td>\n<\/tr>\n<tr>\n<td>7<\/td>\n<td>Cruz, Juan<\/td>\n<td>Hooker<\/td>\n<td>Universitario<\/td>\n<td>Tucum\u00e1n<\/td>\n<\/tr>\n<tr>\n<td>8<\/td>\n<td>Daireaux, Bautista<\/td>\n<td>Centro<\/td>\n<td>Newman<\/td>\n<td>URBA<\/td>\n<\/tr>\n<tr>\n<td>9<\/td>\n<td>Dom\u00ednguez, Facundo<\/td>\n<td>Octavo<\/td>\n<td>Olivos<\/td>\n<td>URBA<\/td>\n<\/tr>\n<tr>\n<td>10<\/td>\n<td>Freyre, Felipe<\/td>\n<td>Centro<\/td>\n<td>Newman<\/td>\n<td>URBA<\/td>\n<\/tr>\n<tr>\n<td>11<\/td>\n<td>Gonz\u00e1lez, Jos\u00e9 Luis<\/td>\n<td>Hooker<\/td>\n<td>Tucum\u00e1n Rugby<\/td>\n<td>Tucum\u00e1n<\/td>\n<\/tr>\n<tr>\n<td>12<\/td>\n<td>Gonz\u00e1lez, Luciano<\/td>\n<td>Wing<\/td>\n<td>La Tablada<\/td>\n<td>Cordobesa<\/td>\n<\/tr>\n<tr>\n<td>13<\/td>\n<td>Grippo, Santiago<\/td>\n<td>Hooker<\/td>\n<td>Ur\u00fa Cur\u00e9<\/td>\n<td>Cordobesa<\/td>\n<\/tr>\n<tr>\n<td>14<\/td>\n<td>Herrera, Leopoldo<\/td>\n<td>Wing<\/td>\n<td>C\u00f3rdoba Athletic<\/td>\n<td>Cordobesa<\/td>\n<\/tr>\n<tr>\n<td>15<\/td>\n<td>Lavanini, Federico<\/td>\n<td>2da l\u00ednea<\/td>\n<td>Hind\u00fa<\/td>\n<td>URBA<\/td>\n<\/tr>\n<tr>\n<td>16<\/td>\n<td>Leonori, Tom\u00e1s<\/td>\n<td>Hooker<\/td>\n<td>GER<\/td>\n<td>Rosario<\/td>\n<\/tr>\n<tr>\n<td>17<\/td>\n<td>Luna, Alejandro<\/td>\n<td>Pilar<\/td>\n<td>CURNE<\/td>\n<td>URNE<\/td>\n<\/tr>\n<tr>\n<td>18<\/td>\n<td>Luna, F\u00e9lix<\/td>\n<td>Centro<\/td>\n<td>Jockey Club<\/td>\n<td>Cordobesa<\/td>\n<\/tr>\n<tr>\n<td>19<\/td>\n<td>Malanos, Tom\u00e1s<\/td>\n<td>Wing<\/td>\n<td>Atl\u00e9tico del Rosario<\/td>\n<td>URBA<\/td>\n<\/tr>\n<tr>\n<td>20<\/td>\n<td>Mart\u00ednez, Rodrigo<\/td>\n<td>Pilar<\/td>\n<td>Los Tordos<\/td>\n<td>Cuyo<\/td>\n<\/tr>\n<tr>\n<td>21<\/td>\n<td>Mattar, Tom\u00e1s<\/td>\n<td>2da l\u00ednea<\/td>\n<td>Pueyrred\u00f3n<\/td>\n<td>URBA<\/td>\n<\/tr>\n<tr>\n<td>22<\/td>\n<td>Milan, Nahuel<\/td>\n<td>2da l\u00ednea<\/td>\n<td>San Fernando<\/td>\n<td>URBA<\/td>\n<\/tr>\n<tr>\n<td>23<\/td>\n<td>Molina, Franco<\/td>\n<td>2da l\u00ednea<\/td>\n<td>Jockey Club<\/td>\n<td>Cordobesa<\/td>\n<\/tr>\n<tr>\n<td>24<\/td>\n<td>Molina, Juan<\/td>\n<td>Octavo<\/td>\n<td>Uni\u00f3n del Sur<\/td>\n<td>Mar del Plata<\/td>\n<\/tr>\n<tr>\n<td>25<\/td>\n<td>Molinuevo, Juan M.<\/td>\n<td>Fullback<\/td>\n<td>Huirapuca<\/td>\n<td>Tucum\u00e1n<\/td>\n<\/tr>\n<tr>\n<td>26<\/td>\n<td>Nogu\u00e9s, Manuel<\/td>\n<td>Medioscrum<\/td>\n<td>Atl\u00e9tico del Rosario<\/td>\n<td>URBA<\/td>\n<\/tr>\n<tr>\n<td>27<\/td>\n<td>Orlande, Mat\u00edas<\/td>\n<td>Hooker<\/td>\n<td>Nataci\u00f3n y Gimnasia<\/td>\n<td>Tucum\u00e1n<\/td>\n<\/tr>\n<tr>\n<td>28<\/td>\n<td>Paulos, Lucas<\/td>\n<td>2da l\u00ednea<\/td>\n<td>Libre<\/td>\n<td>LIBRE<\/td>\n<\/tr>\n<tr>\n<td>29<\/td>\n<td>Pulella, Santiago<\/td>\n<td>Pilar<\/td>\n<td>Jockey Club<\/td>\n<td>Cordobesa<\/td>\n<\/tr>\n<tr>\n<td>30<\/td>\n<td>Quiroga, Isa\u00edas<\/td>\n<td>Pilar<\/td>\n<td>Los Tordos<\/td>\n<td>Cuyo<\/td>\n<\/tr>\n<tr>\n<td>31<\/td>\n<td>Roger, Mart\u00edn<\/td>\n<td>Apertura<\/td>\n<td>Santiago Lawn Tennis<\/td>\n<td>Santiague\u00f1a<\/td>\n<\/tr>\n<tr>\n<td>32<\/td>\n<td>Rosas Paz, Juan<\/td>\n<td>Wing<\/td>\n<td>C.A. Estudiantes<\/td>\n<td>Entrerriana<\/td>\n<\/tr>\n<tr>\n<td>33<\/td>\n<td>Ruiz, Santiago<\/td>\n<td>3ra l\u00ednea<\/td>\n<td>Regatas Bella Vista<\/td>\n<td>URBA<\/td>\n<\/tr>\n<tr>\n<td>34<\/td>\n<td>S\u00e1nchez, Mateo<\/td>\n<td>Apertura<\/td>\n<td>C\u00f3rdoba Athletic<\/td>\n<td>Cordobesa<\/td>\n<\/tr>\n<tr>\n<td>35<\/td>\n<td>Sauze, Mat\u00edas<\/td>\n<td>Medioscrum<\/td>\n<td>Tucum\u00e1n Rugby<\/td>\n<td>Tucum\u00e1n<\/td>\n<\/tr>\n<tr>\n<td>36<\/td>\n<td>Sordoni, Lucio<\/td>\n<td>Pilar<\/td>\n<td>Atl\u00e9tico del Rosario<\/td>\n<td>URBA<\/td>\n<\/tr>\n<tr>\n<td>37<\/td>\n<td>St\u00e1vile, Bautista<\/td>\n<td>3ra l\u00ednea<\/td>\n<td>Mendoza RC<\/td>\n<td>Cuyo<\/td>\n<\/tr>\n<tr>\n<td>38<\/td>\n<td>Villegas, Lautaro<\/td>\n<td>Pilar<\/td>\n<td>Mendoza RC<\/td>\n<td>Cuyo<\/td>\n<\/tr>\n<tr>\n<td>39<\/td>\n<td>Vivas, Mayco<\/td>\n<td>Pilar<\/td>\n<td>CRAR<\/td>\n<td>Santafesina<\/td>\n<\/tr>\n<tr>\n<td>40<\/td>\n<td>Walker, Nicol\u00e1s<\/td>\n<td>2da l\u00ednea<\/td>\n<td>Curupayt\u00ed<\/td>\n<td>URBA<\/td>\n<\/tr>\n<\/tbody>\n<\/table>\n","protected":false},"excerpt":{"rendered":"<p>El cierre de a\u00f1o para Los Pumitas viene con una nueva concentraci\u00f3n. En esta oportunidad ser\u00e1 en Villa Carlos Paz,<\/p>\n","protected":false},"author":2,"featured_media":4009,"comment_status":"open","ping_status":"open","sticky":false,"template":"","format":"standard","meta":{"footnotes":""},"categories":[24,2],"tags":[],"class_list":["post-4011","post","type-post","status-publish","format-standard","has-post-thumbnail","hentry","category-noticias-destacadas","category-rugby"],"cc_featured_image_caption":{"caption_text":"El pilar de CRAR ser\u00e1 uno de los 40 jugadores que estar\u00e1 en Villa Carlos Paz. (Foto UAR).","source_text":"","source_url":""},"_links":{"self":[{"href":"https:\/\/todoapulmon-rafaela.com\/index.php\/wp-json\/wp\/v2\/posts\/4011"}],"collection":[{"href":"https:\/\/todoapulmon-rafaela.com\/index.php\/wp-json\/wp\/v2\/posts"}],"about":[{"href":"https:\/\/todoapulmon-rafaela.com\/index.php\/wp-json\/wp\/v2\/types\/post"}],"author":[{"embeddable":true,"href":"https:\/\/todoapulmon-rafaela.com\/index.php\/wp-json\/wp\/v2\/users\/2"}],"replies":[{"embeddable":true,"href":"https:\/\/todoapulmon-rafaela.com\/index.php\/wp-json\/wp\/v2\/comments?post=4011"}],"version-history":[{"count":1,"href":"https:\/\/todoapulmon-rafaela.com\/index.php\/wp-json\/wp\/v2\/posts\/4011\/revisions"}],"predecessor-version":[{"id":4012,"href":"https:\/\/todoapulmon-rafaela.com\/index.php\/wp-json\/wp\/v2\/posts\/4011\/revisions\/4012"}],"wp:featuredmedia":[{"embeddable":true,"href":"https:\/\/todoapulmon-rafaela.com\/index.php\/wp-json\/wp\/v2\/media\/4009"}],"wp:attachment":[{"href":"https:\/\/todoapulmon-rafaela.com\/index.php\/wp-json\/wp\/v2\/media?parent=4011"}],"wp:term":[{"taxonomy":"category","embeddable":true,"href":"https:\/\/todoapulmon-rafaela.com\/index.php\/wp-json\/wp\/v2\/categories?post=4011"},{"taxonomy":"post_tag","embeddable":true,"href":"https:\/\/todoapulmon-rafaela.com\/index.php\/wp-json\/wp\/v2\/tags?post=4011"}],"curies":[{"name":"wp","href":"https:\/\/api.w.org\/{rel}","templated":true}]}}