{"id":4005,"date":"2016-12-08T13:29:02","date_gmt":"2016-12-08T13:29:02","guid":{"rendered":"http:\/\/todoapulmon-rafaela.com\/?p=4005"},"modified":"2016-12-08T13:29:02","modified_gmt":"2016-12-08T13:29:02","slug":"comienza-el-torneo-romeo-kerz","status":"publish","type":"post","link":"https:\/\/todoapulmon-rafaela.com\/index.php\/2016\/12\/08\/comienza-el-torneo-romeo-kerz\/","title":{"rendered":"Comienza el torneo \u00abRomeo Kerz\u00bb"},"content":{"rendered":"<p>La Subcomisi\u00f3n de Pelota Paleta de Atl\u00e9tico de Rafaela informa que durante los d\u00edas 9, 10 y 11 de diciembre se realizar\u00e1 en el front\u00f3n de Atl\u00e9tico, la XVIII edici\u00f3n del tradicional \u201cTorneo Amistad Romeo Kerz\u201d, 11ra y \u00faltima fecha de la competencia anual, organizada por la Comisi\u00f3n de Torneos Amistad de la Federaci\u00f3n Santafesina de Pelota Paleta, siendo disputadas en distintos clubes de las provincias de Santa Fe, Entre R\u00edos y C\u00f3rdoba en el cual se espera la concurrencia de 70 pelotaris de estas provincias y con la participaci\u00f3n de aproximadamente con 25 jugadores locales, divididos en 3 categor\u00edas seg\u00fan el nivel de juego con la modalidad de la conformaci\u00f3n de las parejas por sorteo.<br \/>\nTodo comenzar\u00e1 con las rondas clasificatorias y semifinales, el viernes 9 a partir de la 14 con la cat. \u201cB\u201d, continuando el s\u00e1bado 10 por la ma\u00f1ana con la \u201cC\u201d y desde las 14 jugar\u00e1 la categor\u00eda \u201cA\u201d y para finalizar, el domingo 11 se disputar\u00e1n las finales de todas las categor\u00edas a partir de las 10.<br \/>\nUna vez concluido el campeonato se realizar\u00e1 en el quincho de la pileta el almuerzo de entrega de premios, tanto los de este torneo como a los 1ros y 2dos del Ranking anual de cada categor\u00eda.<br \/>\nEn la cat. \u201cB\u201d va liderando el rafaelino Pablo Vaca con posibilidades de ser campe\u00f3n, dado que supera por 10 puntos al segundo, cuando quedan 20 en juego, adem\u00e1s Carlos Trossero y Daniel Bima pugnan por el subcampeonato de esta categor\u00eda y Pablo Peiretti compite por el mismo puesto en la cat.\u201cA\u201d.<br \/>\nTambi\u00e9n se har\u00e1 un reconocimiento a los dirigentes creadores de la comisi\u00f3n del torneo y para cerrar se har\u00e1 un brindis de fin de a\u00f1o.<br \/>\nLa subcomisi\u00f3n quiere destacar y agradecer la colaboraci\u00f3n econ\u00f3mica y deportiva de parte de la Comisi\u00f3n Asesora Municipal de Deporte de la ciudad de Rafaela y del Senador Alcides Calvo, brindada a esta actividad y a sus jugadores.<\/p>\n","protected":false},"excerpt":{"rendered":"<p>La Subcomisi\u00f3n de Pelota Paleta de Atl\u00e9tico de Rafaela informa que durante los d\u00edas 9, 10 y 11 de diciembre<\/p>\n","protected":false},"author":2,"featured_media":4006,"comment_status":"open","ping_status":"open","sticky":false,"template":"","format":"standard","meta":{"footnotes":""},"categories":[1],"tags":[],"class_list":["post-4005","post","type-post","status-publish","format-standard","has-post-thumbnail","hentry","category-sin-categoria"],"cc_featured_image_caption":{"caption_text":"","source_text":"","source_url":""},"_links":{"self":[{"href":"https:\/\/todoapulmon-rafaela.com\/index.php\/wp-json\/wp\/v2\/posts\/4005"}],"collection":[{"href":"https:\/\/todoapulmon-rafaela.com\/index.php\/wp-json\/wp\/v2\/posts"}],"about":[{"href":"https:\/\/todoapulmon-rafaela.com\/index.php\/wp-json\/wp\/v2\/types\/post"}],"author":[{"embeddable":true,"href":"https:\/\/todoapulmon-rafaela.com\/index.php\/wp-json\/wp\/v2\/users\/2"}],"replies":[{"embeddable":true,"href":"https:\/\/todoapulmon-rafaela.com\/index.php\/wp-json\/wp\/v2\/comments?post=4005"}],"version-history":[{"count":1,"href":"https:\/\/todoapulmon-rafaela.com\/index.php\/wp-json\/wp\/v2\/posts\/4005\/revisions"}],"predecessor-version":[{"id":4007,"href":"https:\/\/todoapulmon-rafaela.com\/index.php\/wp-json\/wp\/v2\/posts\/4005\/revisions\/4007"}],"wp:featuredmedia":[{"embeddable":true,"href":"https:\/\/todoapulmon-rafaela.com\/index.php\/wp-json\/wp\/v2\/media\/4006"}],"wp:attachment":[{"href":"https:\/\/todoapulmon-rafaela.com\/index.php\/wp-json\/wp\/v2\/media?parent=4005"}],"wp:term":[{"taxonomy":"category","embeddable":true,"href":"https:\/\/todoapulmon-rafaela.com\/index.php\/wp-json\/wp\/v2\/categories?post=4005"},{"taxonomy":"post_tag","embeddable":true,"href":"https:\/\/todoapulmon-rafaela.com\/index.php\/wp-json\/wp\/v2\/tags?post=4005"}],"curies":[{"name":"wp","href":"https:\/\/api.w.org\/{rel}","templated":true}]}}