{"id":40030,"date":"2023-05-31T01:39:42","date_gmt":"2023-05-31T01:39:42","guid":{"rendered":"https:\/\/todoapulmon-rafaela.com\/?p=40030"},"modified":"2023-05-31T01:42:38","modified_gmt":"2023-05-31T01:42:38","slug":"encuentro-de-mini-atletismo-en-el-parque-balneario","status":"publish","type":"post","link":"https:\/\/todoapulmon-rafaela.com\/index.php\/2023\/05\/31\/encuentro-de-mini-atletismo-en-el-parque-balneario\/","title":{"rendered":"Encuentro de Mini Atletismo en el Parque Balneario"},"content":{"rendered":"<div id=\"m_183424526215917974620ecdf-7bf8-4efa-b8cf-29d5bcf4d840\">Este s\u00e1bado 3 de junio, se llevar\u00e1 a cabo un encuentro de Mini Atletismo en el Parque Balneario Municipal (ingreso por R\u00edo de Janeiro).<\/div>\n<div id=\"m_183424526215917974620ecdf-7bf8-4efa-b8cf-29d5bcf4d840\"><\/div>\n<div id=\"m_183424526215917974620ecdf-7bf8-4efa-b8cf-29d5bcf4d840\">La actividad es organizada por la Municipalidad de Rafaela a trav\u00e9s de la Subsecretar\u00eda de Deportes y Recreaci\u00f3n.<\/div>\n<div id=\"m_183424526215917974620ecdf-7bf8-4efa-b8cf-29d5bcf4d840\"><\/div>\n<div id=\"m_183424526215917974620ecdf-7bf8-4efa-b8cf-29d5bcf4d840\">Se trata de una jornada abierta, destinada a ni\u00f1os y ni\u00f1as de 5 a 9 a\u00f1os que quieran sumarse a jugar y aprender de qu\u00e9 se trata el atletismo para celebrar el mes mundial de esta disciplina deportiva.<\/div>\n<div id=\"m_183424526215917974620ecdf-7bf8-4efa-b8cf-29d5bcf4d840\"><\/div>\n<div id=\"m_183424526215917974620ecdf-7bf8-4efa-b8cf-29d5bcf4d840\">Cabe destacar que se convoca a los participantes a las 13:45 para realizar las acreditaciones correspondientes. El inicio ser\u00e1 a las 14:15.<\/div>\n<div id=\"m_183424526215917974620ecdf-7bf8-4efa-b8cf-29d5bcf4d840\"><\/div>\n<div id=\"m_183424526215917974620ecdf-7bf8-4efa-b8cf-29d5bcf4d840\">Esta iniciativa cuenta con la colaboraci\u00f3n del Club Rafaelino de Atletismo y Servicios Sociales y Deportivos (CRAS) y el Centro de Educaci\u00f3n F\u00edsica N\u00ba 53 (CEF N\u00ba 53).<\/div>\n","protected":false},"excerpt":{"rendered":"<p>Este s\u00e1bado 3 de junio, se llevar\u00e1 a cabo un encuentro de Mini Atletismo en el Parque Balneario Municipal (ingreso<\/p>\n","protected":false},"author":2,"featured_media":40031,"comment_status":"closed","ping_status":"closed","sticky":false,"template":"","format":"standard","meta":{"footnotes":""},"categories":[7,24],"tags":[],"class_list":["post-40030","post","type-post","status-publish","format-standard","has-post-thumbnail","hentry","category-atletismo","category-noticias-destacadas"],"cc_featured_image_caption":{"caption_text":"","source_text":"","source_url":""},"_links":{"self":[{"href":"https:\/\/todoapulmon-rafaela.com\/index.php\/wp-json\/wp\/v2\/posts\/40030"}],"collection":[{"href":"https:\/\/todoapulmon-rafaela.com\/index.php\/wp-json\/wp\/v2\/posts"}],"about":[{"href":"https:\/\/todoapulmon-rafaela.com\/index.php\/wp-json\/wp\/v2\/types\/post"}],"author":[{"embeddable":true,"href":"https:\/\/todoapulmon-rafaela.com\/index.php\/wp-json\/wp\/v2\/users\/2"}],"replies":[{"embeddable":true,"href":"https:\/\/todoapulmon-rafaela.com\/index.php\/wp-json\/wp\/v2\/comments?post=40030"}],"version-history":[{"count":2,"href":"https:\/\/todoapulmon-rafaela.com\/index.php\/wp-json\/wp\/v2\/posts\/40030\/revisions"}],"predecessor-version":[{"id":40033,"href":"https:\/\/todoapulmon-rafaela.com\/index.php\/wp-json\/wp\/v2\/posts\/40030\/revisions\/40033"}],"wp:featuredmedia":[{"embeddable":true,"href":"https:\/\/todoapulmon-rafaela.com\/index.php\/wp-json\/wp\/v2\/media\/40031"}],"wp:attachment":[{"href":"https:\/\/todoapulmon-rafaela.com\/index.php\/wp-json\/wp\/v2\/media?parent=40030"}],"wp:term":[{"taxonomy":"category","embeddable":true,"href":"https:\/\/todoapulmon-rafaela.com\/index.php\/wp-json\/wp\/v2\/categories?post=40030"},{"taxonomy":"post_tag","embeddable":true,"href":"https:\/\/todoapulmon-rafaela.com\/index.php\/wp-json\/wp\/v2\/tags?post=40030"}],"curies":[{"name":"wp","href":"https:\/\/api.w.org\/{rel}","templated":true}]}}