{"id":39961,"date":"2023-05-29T01:30:32","date_gmt":"2023-05-29T01:30:32","guid":{"rendered":"https:\/\/todoapulmon-rafaela.com\/?p=39961"},"modified":"2023-05-29T01:38:30","modified_gmt":"2023-05-29T01:38:30","slug":"susana-hauswirth-logro-el-tercer-puesto-en-su-primer-ironman-full","status":"publish","type":"post","link":"https:\/\/todoapulmon-rafaela.com\/index.php\/2023\/05\/29\/susana-hauswirth-logro-el-tercer-puesto-en-su-primer-ironman-full\/","title":{"rendered":"Susana Hauswirth logr\u00f3 el tercer puesto en su primer Ironman full"},"content":{"rendered":"<p>Este domingo se corri\u00f3 el tradicional Ironman de Florian\u00f3polis, uno de los m\u00e1s reconocidos a nivel internacional.<\/p>\n<p>En el mismo hizo su debut en la distancia mayor de la especialidad del triatl\u00f3n Susana Hauswirth. Con una destacada performance logr\u00f3 hacer podio, luego de los 3,86 kil\u00f3metros en aguas abiertas, pedalear 180,25 kil\u00f3metros en el segmento del ciclismo y finalmente correr una marat\u00f3n de 42,2 kil\u00f3metros.<\/p>\n<p>Ocup\u00f3 el tercer puesto en su categor\u00eda 55-59 con un tiempo de 12h 55m 42s, quedando adem\u00e1s en la posici\u00f3n 111 de la clasificaci\u00f3n general femenina.<\/p>\n<p><img loading=\"lazy\" decoding=\"async\" class=\"alignnone size-full wp-image-39966\" src=\"https:\/\/todoapulmon-rafaela.com\/wp-content\/uploads\/2023\/05\/Hauswirth-Floria1.jpg\" alt=\"\" width=\"1200\" height=\"1600\" srcset=\"https:\/\/todoapulmon-rafaela.com\/wp-content\/uploads\/2023\/05\/Hauswirth-Floria1.jpg 1200w, https:\/\/todoapulmon-rafaela.com\/wp-content\/uploads\/2023\/05\/Hauswirth-Floria1-225x300.jpg 225w, https:\/\/todoapulmon-rafaela.com\/wp-content\/uploads\/2023\/05\/Hauswirth-Floria1-1125x1500.jpg 1125w, https:\/\/todoapulmon-rafaela.com\/wp-content\/uploads\/2023\/05\/Hauswirth-Floria1-1152x1536.jpg 1152w\" sizes=\"(max-width: 1200px) 100vw, 1200px\" \/><\/p>\n<p>La competencia tuvo un desarrollo complicado producto de la lluvia que se hizo presente pr\u00e1cticamente en todo el recorrido de bicicleta y pedestrismo. Las premiaciones se realizar\u00e1n este lunes.<\/p>\n<p>El Ironman brasilero ofreci\u00f3 plazas de calificaci\u00f3n para grupos de edad masculinos y femeninos de cara al campeonato mundial en Niza, Francia, el 10 de septiembre de 2023 para los hombres, y Kailua- Kona, Haw\u00e1i el 14 de octubre de 2023\u00a0 en el caso de las mujeres.<\/p>\n","protected":false},"excerpt":{"rendered":"<p>Este domingo se corri\u00f3 el tradicional Ironman de Florian\u00f3polis, uno de los m\u00e1s reconocidos a nivel internacional. En el mismo<\/p>\n","protected":false},"author":2,"featured_media":39962,"comment_status":"closed","ping_status":"closed","sticky":false,"template":"","format":"standard","meta":{"footnotes":""},"categories":[24,28],"tags":[],"class_list":["post-39961","post","type-post","status-publish","format-standard","has-post-thumbnail","hentry","category-noticias-destacadas","category-triatlon"],"cc_featured_image_caption":{"caption_text":"","source_text":"","source_url":""},"_links":{"self":[{"href":"https:\/\/todoapulmon-rafaela.com\/index.php\/wp-json\/wp\/v2\/posts\/39961"}],"collection":[{"href":"https:\/\/todoapulmon-rafaela.com\/index.php\/wp-json\/wp\/v2\/posts"}],"about":[{"href":"https:\/\/todoapulmon-rafaela.com\/index.php\/wp-json\/wp\/v2\/types\/post"}],"author":[{"embeddable":true,"href":"https:\/\/todoapulmon-rafaela.com\/index.php\/wp-json\/wp\/v2\/users\/2"}],"replies":[{"embeddable":true,"href":"https:\/\/todoapulmon-rafaela.com\/index.php\/wp-json\/wp\/v2\/comments?post=39961"}],"version-history":[{"count":4,"href":"https:\/\/todoapulmon-rafaela.com\/index.php\/wp-json\/wp\/v2\/posts\/39961\/revisions"}],"predecessor-version":[{"id":39967,"href":"https:\/\/todoapulmon-rafaela.com\/index.php\/wp-json\/wp\/v2\/posts\/39961\/revisions\/39967"}],"wp:featuredmedia":[{"embeddable":true,"href":"https:\/\/todoapulmon-rafaela.com\/index.php\/wp-json\/wp\/v2\/media\/39962"}],"wp:attachment":[{"href":"https:\/\/todoapulmon-rafaela.com\/index.php\/wp-json\/wp\/v2\/media?parent=39961"}],"wp:term":[{"taxonomy":"category","embeddable":true,"href":"https:\/\/todoapulmon-rafaela.com\/index.php\/wp-json\/wp\/v2\/categories?post=39961"},{"taxonomy":"post_tag","embeddable":true,"href":"https:\/\/todoapulmon-rafaela.com\/index.php\/wp-json\/wp\/v2\/tags?post=39961"}],"curies":[{"name":"wp","href":"https:\/\/api.w.org\/{rel}","templated":true}]}}