{"id":39932,"date":"2023-05-27T17:12:12","date_gmt":"2023-05-27T17:12:12","guid":{"rendered":"https:\/\/todoapulmon-rafaela.com\/?p=39932"},"modified":"2023-05-27T17:14:00","modified_gmt":"2023-05-27T17:14:00","slug":"39932","status":"publish","type":"post","link":"https:\/\/todoapulmon-rafaela.com\/index.php\/2023\/05\/27\/39932\/","title":{"rendered":"\u00abContento porque el Nacional de Mayores era el primer objetivo del a\u00f1o\u00bb"},"content":{"rendered":"<p>A pocos d\u00edas de haber obtenido el triunfo en los 400 metros llanos del Campeonato Nacional de Mayores en Concepci\u00f3n del Uruguay, durante su breve visita por el fin de semana largo a sus familiares en nuestra ciudad, tuvimos la posibilidad de conversar con Pedro Emmert.<\/p>\n<p>Recordando no tan viejos tiempos (el mes que viene cumplir\u00e1 21 a\u00f1os), de sus comienzos en el ciclismo y su posterior inserci\u00f3n en el triatl\u00f3n, lo encontramos en el Club Ciclista de Rafaela donde entrenaba la selecci\u00f3n argentina, y al costado del vel\u00f3dromo nos cont\u00f3 que \u00abestoy contento porque en el Nacional ten\u00edamos planteado que nos pod\u00eda ir bien, fueron tres d\u00edas intensos entre 400 y 800 metros, pero feliz por el t\u00edtulo\u00bb.<\/p>\n<p>Sobre el momento del calendario en cuanto a rendimiento en que compiti\u00f3 en Entre R\u00edos, puntualiz\u00f3 que \u00abeste a\u00f1o se corri\u00f3 el calendario de competencias m\u00e1s al segundo semestre, la planificaci\u00f3n con mi entrenador est\u00e1 centrada de esa manera, pero nos agarr\u00f3 el Nacional en un buen momento igual. Hab\u00edamos hecho una muy buena pretemporada y parte de los objetivos se enfocaban tambi\u00e9n en este torneo, era el primero y se pudo lograr, as\u00ed que de hora en adelante a meterle a full\u00bb.<\/p>\n<p>Sus pr\u00f3ximos pasos competitivos apuntar\u00e1n a los Grand Prix a realizarse en la misma pista entrerriana, entre el 9 y 11 de junio. \u00abNuestra idea es lograr all\u00ed la clasificaci\u00f3n al Sudamericano de Mayores (en San Pablo del 29 al 31 de julio), y despu\u00e9s intentar bajar tiempos, y ver lo que pueda surgir sobre alg\u00fan torneo internacional para afrontar la segunda parte del a\u00f1o de la mejor manera\u00bb.<\/p>\n<p>En la parte final de la nota, record\u00f3 otro incentivo saliente a nivel internacional con la posta 4&#215;400. El a\u00f1o pasado la tuvo como integrante en el Sudamericano Sub 23, y si puede repetirla con un rendimiento tan bueno podr\u00eda depararle mayores satisfacciones. \u00abAs\u00ed es, intentaremos competir en el relevo 4&#215;400 en el Sudamericano de Mayores, creo que es lo mejor hasta ahora de desaf\u00edos porque se podr\u00eda ganar plaza para los Panamericanos de Santiago de Chile, y para los cuatro ser\u00eda una gran alegr\u00eda poder ir\u00bb, culmin\u00f3 el atleta rafaelino.<\/p>\n","protected":false},"excerpt":{"rendered":"<p>A pocos d\u00edas de haber obtenido el triunfo en los 400 metros llanos del Campeonato Nacional de Mayores en Concepci\u00f3n<\/p>\n","protected":false},"author":2,"featured_media":39933,"comment_status":"closed","ping_status":"closed","sticky":false,"template":"","format":"standard","meta":{"footnotes":""},"categories":[7,24],"tags":[],"class_list":["post-39932","post","type-post","status-publish","format-standard","has-post-thumbnail","hentry","category-atletismo","category-noticias-destacadas"],"cc_featured_image_caption":{"caption_text":"","source_text":"","source_url":""},"_links":{"self":[{"href":"https:\/\/todoapulmon-rafaela.com\/index.php\/wp-json\/wp\/v2\/posts\/39932"}],"collection":[{"href":"https:\/\/todoapulmon-rafaela.com\/index.php\/wp-json\/wp\/v2\/posts"}],"about":[{"href":"https:\/\/todoapulmon-rafaela.com\/index.php\/wp-json\/wp\/v2\/types\/post"}],"author":[{"embeddable":true,"href":"https:\/\/todoapulmon-rafaela.com\/index.php\/wp-json\/wp\/v2\/users\/2"}],"replies":[{"embeddable":true,"href":"https:\/\/todoapulmon-rafaela.com\/index.php\/wp-json\/wp\/v2\/comments?post=39932"}],"version-history":[{"count":3,"href":"https:\/\/todoapulmon-rafaela.com\/index.php\/wp-json\/wp\/v2\/posts\/39932\/revisions"}],"predecessor-version":[{"id":39936,"href":"https:\/\/todoapulmon-rafaela.com\/index.php\/wp-json\/wp\/v2\/posts\/39932\/revisions\/39936"}],"wp:featuredmedia":[{"embeddable":true,"href":"https:\/\/todoapulmon-rafaela.com\/index.php\/wp-json\/wp\/v2\/media\/39933"}],"wp:attachment":[{"href":"https:\/\/todoapulmon-rafaela.com\/index.php\/wp-json\/wp\/v2\/media?parent=39932"}],"wp:term":[{"taxonomy":"category","embeddable":true,"href":"https:\/\/todoapulmon-rafaela.com\/index.php\/wp-json\/wp\/v2\/categories?post=39932"},{"taxonomy":"post_tag","embeddable":true,"href":"https:\/\/todoapulmon-rafaela.com\/index.php\/wp-json\/wp\/v2\/tags?post=39932"}],"curies":[{"name":"wp","href":"https:\/\/api.w.org\/{rel}","templated":true}]}}