{"id":39913,"date":"2023-05-26T22:02:56","date_gmt":"2023-05-26T22:02:56","guid":{"rendered":"https:\/\/todoapulmon-rafaela.com\/?p=39913"},"modified":"2023-05-26T22:24:11","modified_gmt":"2023-05-26T22:24:11","slug":"el-nivel-que-hubo-en-100-y-200-metros-fue-impresionante","status":"publish","type":"post","link":"https:\/\/todoapulmon-rafaela.com\/index.php\/2023\/05\/26\/el-nivel-que-hubo-en-100-y-200-metros-fue-impresionante\/","title":{"rendered":"\u00abEl nivel que hubo en 100 y 200 metros fue impresionante\u00bb"},"content":{"rendered":"<p style=\"font-weight: 400\">A su regreso de Colombia, donde fue protagonista del Campeonato Sudamericano U20 con el seleccionado argentino y obtuvo dos medallas de bronce, Tom\u00e1s Mondino nos dej\u00f3 sus sensaciones. El velocista rafaelino fue protagonista de una gran carrera en los 100 metros dado el alto nivel que tuvo, con un impacto de 10s01 con el ganador Renan Gallina de Brasil, en los 200 metros subi\u00f3 al podio con una marca muy parecida a la mejor del a\u00f1o pasado, y como integrante de la posta 4&#215;100 adem\u00e1s del bronce, lograron un r\u00e9cord argentino muy esperado en la categor\u00eda.<\/p>\n<p style=\"font-weight: 400\">\u201cEstoy contento por esta nueva participaci\u00f3n, la verdad que el nivel que hubo en 100 y 200 metros llanos fue impresionante. Para dar una idea, la marca que hizo el brasilero Renan Gallina en los 100, de 10s 01, es de Juegos Ol\u00edmpicos, asi que me alegra haber competido a ese nivel porque te va generando mayor exigencia\u201d, nos cont\u00f3 mientras sigue entrenando de cara a los pr\u00f3ximos objetivos.<\/p>\n<p style=\"font-weight: 400\">Luego, manifest\u00f3 que \u201cmi marca en 200 qued\u00f3 a una cent\u00e9sima de los 21s 15 del a\u00f1o pasado asi que por ese lado super contento\u201d, en referencia a las pruebas individuales.<\/p>\n<p style=\"font-weight: 400\">Adem\u00e1s, cont\u00f3 que \u201cestuve con tendinitis rotuliana las \u00faltimas tres semanas, que me impidi\u00f3 entrenar como deber\u00eda, hacer gimnasia, saltos, que te pone mas a punto para la competencia pero igual fue muy buena actuaci\u00f3n\u201d.<\/p>\n<p style=\"font-weight: 400\">Sobre la posta del r\u00e9cord, destac\u00f3 que \u201ccon los hermanos Villegas, de San Luis, y Mat\u00edas Castro, de La Rioja, logramos el r\u00e9cord argentino sub 20 de la posta 4&#215;100, con 40s 18 bajando bastante la marca anterior, que no puso muy felices\u201d.<\/p>\n<p style=\"font-weight: 400\">LO QUE VENDRA<\/p>\n<p style=\"font-weight: 400\">Mondino, junto a su padre Ceferino en el entrenamiento y la planificaci\u00f3n, apuntan a llegar a lo mejor del rendimiento de este a\u00f1o en los pr\u00f3ximos meses. L\u00f3gicamente, entrando en esta etapa de la proyecci\u00f3n de Tomy, la posibilidad de competir en el exterior es bienvenida para continuar afianzando ese desarrollo.<\/p>\n<p style=\"font-weight: 400\">\u201cSi, el 24 de junio nos vamos a estar yendo a Espa\u00f1a, compitiendo por Madrid y Barcelona, y ver si surge algo en Portugal. Vamos a estar unas tres semanas, hasta el 10 de julio, compitiendo con mayores\u201d, anticip\u00f3.<\/p>\n<p style=\"font-weight: 400\">Luego, vendr\u00e1 el principal objetivo deportivo del a\u00f1o que es el Panamericano U20. \u201cDespu\u00e9s de Europa vamos a participar del Panamericano U 20 en Puerto Rico buscando marca importante. Esto es as\u00ed, hay que competir y competir hasta que en alg\u00fan torneo las va a pegar, asi son los 100 metros\u201d.<\/p>\n<p><img loading=\"lazy\" decoding=\"async\" class=\"alignnone size-full wp-image-39915\" src=\"https:\/\/todoapulmon-rafaela.com\/wp-content\/uploads\/2023\/05\/IMG-20230526-WA0006.jpg\" alt=\"\" width=\"1600\" height=\"1200\" srcset=\"https:\/\/todoapulmon-rafaela.com\/wp-content\/uploads\/2023\/05\/IMG-20230526-WA0006.jpg 1600w, https:\/\/todoapulmon-rafaela.com\/wp-content\/uploads\/2023\/05\/IMG-20230526-WA0006-300x225.jpg 300w, https:\/\/todoapulmon-rafaela.com\/wp-content\/uploads\/2023\/05\/IMG-20230526-WA0006-1536x1152.jpg 1536w\" sizes=\"(max-width: 1600px) 100vw, 1600px\" \/><\/p>\n<p style=\"font-weight: 400\">Sobre la b\u00fasqueda de su mejor forma, acot\u00f3 que \u201cqueremos estar en el m\u00e1ximo rendimiento a principios de agosto para el Panamericano U20, porque es mi categor\u00eda. Luego est\u00e1 la posibilidad a fin de a\u00f1o en los Panamericanos de mayores en Chile, pero sobre todo apuntamos en resultados a lo de Puerto Rico\u201d.<\/p>\n","protected":false},"excerpt":{"rendered":"<p>A su regreso de Colombia, donde fue protagonista del Campeonato Sudamericano U20 con el seleccionado argentino y obtuvo dos medallas<\/p>\n","protected":false},"author":2,"featured_media":39914,"comment_status":"closed","ping_status":"closed","sticky":false,"template":"","format":"standard","meta":{"footnotes":""},"categories":[7,24],"tags":[],"class_list":["post-39913","post","type-post","status-publish","format-standard","has-post-thumbnail","hentry","category-atletismo","category-noticias-destacadas"],"cc_featured_image_caption":{"caption_text":"","source_text":"","source_url":""},"_links":{"self":[{"href":"https:\/\/todoapulmon-rafaela.com\/index.php\/wp-json\/wp\/v2\/posts\/39913"}],"collection":[{"href":"https:\/\/todoapulmon-rafaela.com\/index.php\/wp-json\/wp\/v2\/posts"}],"about":[{"href":"https:\/\/todoapulmon-rafaela.com\/index.php\/wp-json\/wp\/v2\/types\/post"}],"author":[{"embeddable":true,"href":"https:\/\/todoapulmon-rafaela.com\/index.php\/wp-json\/wp\/v2\/users\/2"}],"replies":[{"embeddable":true,"href":"https:\/\/todoapulmon-rafaela.com\/index.php\/wp-json\/wp\/v2\/comments?post=39913"}],"version-history":[{"count":1,"href":"https:\/\/todoapulmon-rafaela.com\/index.php\/wp-json\/wp\/v2\/posts\/39913\/revisions"}],"predecessor-version":[{"id":39916,"href":"https:\/\/todoapulmon-rafaela.com\/index.php\/wp-json\/wp\/v2\/posts\/39913\/revisions\/39916"}],"wp:featuredmedia":[{"embeddable":true,"href":"https:\/\/todoapulmon-rafaela.com\/index.php\/wp-json\/wp\/v2\/media\/39914"}],"wp:attachment":[{"href":"https:\/\/todoapulmon-rafaela.com\/index.php\/wp-json\/wp\/v2\/media?parent=39913"}],"wp:term":[{"taxonomy":"category","embeddable":true,"href":"https:\/\/todoapulmon-rafaela.com\/index.php\/wp-json\/wp\/v2\/categories?post=39913"},{"taxonomy":"post_tag","embeddable":true,"href":"https:\/\/todoapulmon-rafaela.com\/index.php\/wp-json\/wp\/v2\/tags?post=39913"}],"curies":[{"name":"wp","href":"https:\/\/api.w.org\/{rel}","templated":true}]}}