{"id":39870,"date":"2023-05-24T13:05:40","date_gmt":"2023-05-24T13:05:40","guid":{"rendered":"https:\/\/todoapulmon-rafaela.com\/?p=39870"},"modified":"2023-05-24T13:06:08","modified_gmt":"2023-05-24T13:06:08","slug":"39870","status":"publish","type":"post","link":"https:\/\/todoapulmon-rafaela.com\/index.php\/2023\/05\/24\/39870\/","title":{"rendered":"Destacada participaci\u00f3n de gimnastas de CREAR en el primer Provincial"},"content":{"rendered":"<p>El fin de semana se desarroll\u00f3 en San Jorge el primer torneo Provincial y Federativo de Clubes fiscalizado por la Federaci\u00f3n Santafesina de Gimnasia. En el mismo, las gimnastas de CREAR Club tuvieron destacados resultados.\u00a0 Este es el detalle:<\/p>\n<p>NIVEL 10<\/p>\n<p>Categor\u00eda Juvenil, 1) Emilia Acosta.<\/p>\n<p>Categor\u00eda Mayor: 1) Magdalena Gaido, 2) Luc\u00eda Bel\u00e9n Gonz\u00e1lez.<\/p>\n<p>NIVEL 6<\/p>\n<p>Categor\u00eda Infantil: 1) Araceli Burgos.<\/p>\n<p>Categor\u00eda Juvenil: 3) Julieta Menseguez.<\/p>\n<p>NIVEL 7<\/p>\n<p>Categor\u00eda Juvenil: 1) Luisina L\u00f3pez.<\/p>\n<p>NIVEL 8<\/p>\n<p>Categor\u00eda Mayor: 2) Victoria Pogliani.<\/p>\n<p><img loading=\"lazy\" decoding=\"async\" class=\"alignnone size-full wp-image-39873\" src=\"https:\/\/todoapulmon-rafaela.com\/wp-content\/uploads\/2023\/05\/Provincial-Crear-2023-3.jpg\" alt=\"\" width=\"1511\" height=\"1600\" srcset=\"https:\/\/todoapulmon-rafaela.com\/wp-content\/uploads\/2023\/05\/Provincial-Crear-2023-3.jpg 1511w, https:\/\/todoapulmon-rafaela.com\/wp-content\/uploads\/2023\/05\/Provincial-Crear-2023-3-283x300.jpg 283w, https:\/\/todoapulmon-rafaela.com\/wp-content\/uploads\/2023\/05\/Provincial-Crear-2023-3-1417x1500.jpg 1417w, https:\/\/todoapulmon-rafaela.com\/wp-content\/uploads\/2023\/05\/Provincial-Crear-2023-3-1451x1536.jpg 1451w\" sizes=\"(max-width: 1511px) 100vw, 1511px\" \/><\/p>\n<p>NIVEL 2<\/p>\n<p>Categor\u00eda Premini: 7 a\u00f1os, 5) Morena Diaz, 10) Simona Demo.<\/p>\n<p>Categor\u00eda Mini: 8 a\u00f1os, 5) Celina Moreno, 8) Dana Botto.<\/p>\n<p>9 a\u00f1os: 4) Catalina Blainq, 11) Anita Vega. Tambi\u00e9n participaron Paulina Colombo y Emilia Dallagio.<\/p>\n<p>Categor\u00eda Preinfantil: 11 a\u00f1os, 5) Sof\u00eda Serra.<\/p>\n<p>Categor\u00eda Juvenil: 14 a\u00f1os, 1) Roc\u00edo Abba Lise, 2) Juana Duarte.<\/p>\n<p><img loading=\"lazy\" decoding=\"async\" class=\"alignnone size-full wp-image-39875\" src=\"https:\/\/todoapulmon-rafaela.com\/wp-content\/uploads\/2023\/05\/Provincial-Crear-2023-2.jpg\" alt=\"\" width=\"1600\" height=\"1200\" srcset=\"https:\/\/todoapulmon-rafaela.com\/wp-content\/uploads\/2023\/05\/Provincial-Crear-2023-2.jpg 1600w, https:\/\/todoapulmon-rafaela.com\/wp-content\/uploads\/2023\/05\/Provincial-Crear-2023-2-300x225.jpg 300w, https:\/\/todoapulmon-rafaela.com\/wp-content\/uploads\/2023\/05\/Provincial-Crear-2023-2-1536x1152.jpg 1536w\" sizes=\"(max-width: 1600px) 100vw, 1600px\" \/><\/p>\n<p>&nbsp;<\/p>\n","protected":false},"excerpt":{"rendered":"<p>El fin de semana se desarroll\u00f3 en San Jorge el primer torneo Provincial y Federativo de Clubes fiscalizado por la<\/p>\n","protected":false},"author":2,"featured_media":39872,"comment_status":"closed","ping_status":"closed","sticky":false,"template":"","format":"standard","meta":{"footnotes":""},"categories":[24],"tags":[],"class_list":["post-39870","post","type-post","status-publish","format-standard","has-post-thumbnail","hentry","category-noticias-destacadas"],"cc_featured_image_caption":{"caption_text":"FOTOS PRENSA CREAR CLUB","source_text":"","source_url":""},"_links":{"self":[{"href":"https:\/\/todoapulmon-rafaela.com\/index.php\/wp-json\/wp\/v2\/posts\/39870"}],"collection":[{"href":"https:\/\/todoapulmon-rafaela.com\/index.php\/wp-json\/wp\/v2\/posts"}],"about":[{"href":"https:\/\/todoapulmon-rafaela.com\/index.php\/wp-json\/wp\/v2\/types\/post"}],"author":[{"embeddable":true,"href":"https:\/\/todoapulmon-rafaela.com\/index.php\/wp-json\/wp\/v2\/users\/2"}],"replies":[{"embeddable":true,"href":"https:\/\/todoapulmon-rafaela.com\/index.php\/wp-json\/wp\/v2\/comments?post=39870"}],"version-history":[{"count":3,"href":"https:\/\/todoapulmon-rafaela.com\/index.php\/wp-json\/wp\/v2\/posts\/39870\/revisions"}],"predecessor-version":[{"id":39877,"href":"https:\/\/todoapulmon-rafaela.com\/index.php\/wp-json\/wp\/v2\/posts\/39870\/revisions\/39877"}],"wp:featuredmedia":[{"embeddable":true,"href":"https:\/\/todoapulmon-rafaela.com\/index.php\/wp-json\/wp\/v2\/media\/39872"}],"wp:attachment":[{"href":"https:\/\/todoapulmon-rafaela.com\/index.php\/wp-json\/wp\/v2\/media?parent=39870"}],"wp:term":[{"taxonomy":"category","embeddable":true,"href":"https:\/\/todoapulmon-rafaela.com\/index.php\/wp-json\/wp\/v2\/categories?post=39870"},{"taxonomy":"post_tag","embeddable":true,"href":"https:\/\/todoapulmon-rafaela.com\/index.php\/wp-json\/wp\/v2\/tags?post=39870"}],"curies":[{"name":"wp","href":"https:\/\/api.w.org\/{rel}","templated":true}]}}