{"id":39844,"date":"2023-05-23T17:24:33","date_gmt":"2023-05-23T17:24:33","guid":{"rendered":"https:\/\/todoapulmon-rafaela.com\/?p=39844"},"modified":"2023-05-23T17:30:54","modified_gmt":"2023-05-23T17:30:54","slug":"nicolas-crotti-anuncio-su-retiro","status":"publish","type":"post","link":"https:\/\/todoapulmon-rafaela.com\/index.php\/2023\/05\/23\/nicolas-crotti-anuncio-su-retiro\/","title":{"rendered":"Nicol\u00e1s Crotti anunci\u00f3 su retiro"},"content":{"rendered":"<p>&nbsp;<\/p>\n<p>El domingo, con la Final del S\u00faper 4 en el Estadio Arq. Lucio Casar\u00edn, lleg\u00f3 a su fin la carrera basquetbol\u00edstica de Nicol\u00e1s Crotti, un hijo pr\u00f3digo de Atl\u00e9tico de Rafaela y que a los 38 a\u00f1os decidi\u00f3 colgar las botas, tras numerosas satisfacciones con los colores celestes.<\/p>\n<p>Surgido en el minib\u00e1squet del club, supo defender los colores en etapa de Formativas, hasta que decidi\u00f3 probar suerte en el ascenso italiano, donde demostr\u00f3 sus aptitudes.<\/p>\n<p>Volvi\u00f3 a Rafaela, y luego de consagrarse campe\u00f3n en Independiente, retorn\u00f3 a su segunda casa para devolver algo de lo que le dio durante su infancia y adolescencia. Fue una d\u00e9cada llena de alegr\u00edas, donde tambi\u00e9n hubo frustraciones, pero donde el b\u00e1squet de Atl\u00e9tico logr\u00f3 recuperar terreno perdido para ser protagonistas de los torneos locales y provinciales.<br \/>\nSi bien su \u00faltimo partido no pudo ser con un t\u00edtulo, sin dudas se lleva un gran reconocimiento por una larga carrera donde siempre dej\u00f3 todo en la cancha.<\/p>\n","protected":false},"excerpt":{"rendered":"<p>&nbsp; El domingo, con la Final del S\u00faper 4 en el Estadio Arq. Lucio Casar\u00edn, lleg\u00f3 a su fin la<\/p>\n","protected":false},"author":2,"featured_media":39850,"comment_status":"closed","ping_status":"closed","sticky":false,"template":"","format":"standard","meta":{"footnotes":""},"categories":[5,24],"tags":[],"class_list":["post-39844","post","type-post","status-publish","format-standard","has-post-thumbnail","hentry","category-basquet","category-noticias-destacadas"],"cc_featured_image_caption":{"caption_text":"Foto Atl\u00e9tico de Rafaela oficial","source_text":"","source_url":""},"_links":{"self":[{"href":"https:\/\/todoapulmon-rafaela.com\/index.php\/wp-json\/wp\/v2\/posts\/39844"}],"collection":[{"href":"https:\/\/todoapulmon-rafaela.com\/index.php\/wp-json\/wp\/v2\/posts"}],"about":[{"href":"https:\/\/todoapulmon-rafaela.com\/index.php\/wp-json\/wp\/v2\/types\/post"}],"author":[{"embeddable":true,"href":"https:\/\/todoapulmon-rafaela.com\/index.php\/wp-json\/wp\/v2\/users\/2"}],"replies":[{"embeddable":true,"href":"https:\/\/todoapulmon-rafaela.com\/index.php\/wp-json\/wp\/v2\/comments?post=39844"}],"version-history":[{"count":1,"href":"https:\/\/todoapulmon-rafaela.com\/index.php\/wp-json\/wp\/v2\/posts\/39844\/revisions"}],"predecessor-version":[{"id":39849,"href":"https:\/\/todoapulmon-rafaela.com\/index.php\/wp-json\/wp\/v2\/posts\/39844\/revisions\/39849"}],"wp:featuredmedia":[{"embeddable":true,"href":"https:\/\/todoapulmon-rafaela.com\/index.php\/wp-json\/wp\/v2\/media\/39850"}],"wp:attachment":[{"href":"https:\/\/todoapulmon-rafaela.com\/index.php\/wp-json\/wp\/v2\/media?parent=39844"}],"wp:term":[{"taxonomy":"category","embeddable":true,"href":"https:\/\/todoapulmon-rafaela.com\/index.php\/wp-json\/wp\/v2\/categories?post=39844"},{"taxonomy":"post_tag","embeddable":true,"href":"https:\/\/todoapulmon-rafaela.com\/index.php\/wp-json\/wp\/v2\/tags?post=39844"}],"curies":[{"name":"wp","href":"https:\/\/api.w.org\/{rel}","templated":true}]}}