{"id":39744,"date":"2023-05-19T22:21:18","date_gmt":"2023-05-19T22:21:18","guid":{"rendered":"https:\/\/todoapulmon-rafaela.com\/?p=39744"},"modified":"2023-05-19T22:21:18","modified_gmt":"2023-05-19T22:21:18","slug":"una-final-de-100-metros-para-la-historia","status":"publish","type":"post","link":"https:\/\/todoapulmon-rafaela.com\/index.php\/2023\/05\/19\/una-final-de-100-metros-para-la-historia\/","title":{"rendered":"Una final de 100 metros para la historia"},"content":{"rendered":"<p>La final de 100 metros del Sudamericano U20 este viernes en El Salitre, Bogot\u00e1, seguramente ser\u00e1 recordada por bastante tiempo. En la prueba donde el rafaelino Tom\u00e1s Mondino qued\u00f3 cuarto, el duelo entre los dos primeros fue de elite mundial.<\/p>\n<p>El velocista brasile\u00f1o\u00a0Ren\u00e1n Correa de Lima Gallina, procedente de Maring\u00e1 (Parana), ya se hab\u00eda perfilado en la \u00faltima temporada como un valor de excepcional futuro. Tras superar un per\u00edodo de lesiones, alcanz\u00f3 un r\u00e9cord sudamericano u20 de 20.12 para los 200 metros en Cuiab\u00e1, que expon\u00eda su formidable potencial. Pero lo ocurrido este viernes, en la altitud de Bogot\u00e1, durante la apertura del Campeonato provoc\u00f3 directamente el asombro. La final masculina de los 100 metros se corri\u00f3 con un viento de 1.9ms a favor y all\u00ed Ren\u00e1n gan\u00f3 con 10.01, que constituye\u00a0una de las mejores marcas mundiales en el historial de su categor\u00eda.\u00a0Igualmente valioso fue el segundo puesto del colombiano Ronal Longa, cuyos 10.08 representan el nuevo r\u00e9cord absoluto para su pa\u00eds, quedando la medalla de bronce para Ezekiel Newton (Guyana) con 10.42. Luego se ubicaron\u00a0Tom\u00e1s Mondino (10.52) y otro argentino,\u00a0Lucas Villegas\u00a0(10.58).<\/p>\n<p>Renan pulveriz\u00f3 el r\u00e9cords sudamericanos\u00a0 u20,\u00a0y se coloc\u00f3 apenas a una cent\u00e9sima del legendario r\u00e9cord sudamericano absoluto que su compatriota Robson Caetano da Silva mantiene desde hace 35 a\u00f1os. El anterior r\u00e9cord u20 era del tambi\u00e9n brasile\u00f1o Paulo Andr\u00e9 Camilo de Oliveira con 10.18 desde el 9 de junio de 2017 en Sao Bernardo. Ren\u00e1n, adem\u00e1s, igual\u00f3 la plusmarca sudamericana u23 de Erik Felipe Barbos Cardoso (4 de setiembre de 2021 en Braganca Paulista).<\/p>\n<p>Fuente: CADA.<\/p>\n","protected":false},"excerpt":{"rendered":"<p>La final de 100 metros del Sudamericano U20 este viernes en El Salitre, Bogot\u00e1, seguramente ser\u00e1 recordada por bastante tiempo.<\/p>\n","protected":false},"author":2,"featured_media":39745,"comment_status":"closed","ping_status":"closed","sticky":false,"template":"","format":"standard","meta":{"footnotes":""},"categories":[7,24],"tags":[],"class_list":["post-39744","post","type-post","status-publish","format-standard","has-post-thumbnail","hentry","category-atletismo","category-noticias-destacadas"],"cc_featured_image_caption":{"caption_text":"Foto Running Colombia","source_text":"","source_url":""},"_links":{"self":[{"href":"https:\/\/todoapulmon-rafaela.com\/index.php\/wp-json\/wp\/v2\/posts\/39744"}],"collection":[{"href":"https:\/\/todoapulmon-rafaela.com\/index.php\/wp-json\/wp\/v2\/posts"}],"about":[{"href":"https:\/\/todoapulmon-rafaela.com\/index.php\/wp-json\/wp\/v2\/types\/post"}],"author":[{"embeddable":true,"href":"https:\/\/todoapulmon-rafaela.com\/index.php\/wp-json\/wp\/v2\/users\/2"}],"replies":[{"embeddable":true,"href":"https:\/\/todoapulmon-rafaela.com\/index.php\/wp-json\/wp\/v2\/comments?post=39744"}],"version-history":[{"count":1,"href":"https:\/\/todoapulmon-rafaela.com\/index.php\/wp-json\/wp\/v2\/posts\/39744\/revisions"}],"predecessor-version":[{"id":39746,"href":"https:\/\/todoapulmon-rafaela.com\/index.php\/wp-json\/wp\/v2\/posts\/39744\/revisions\/39746"}],"wp:featuredmedia":[{"embeddable":true,"href":"https:\/\/todoapulmon-rafaela.com\/index.php\/wp-json\/wp\/v2\/media\/39745"}],"wp:attachment":[{"href":"https:\/\/todoapulmon-rafaela.com\/index.php\/wp-json\/wp\/v2\/media?parent=39744"}],"wp:term":[{"taxonomy":"category","embeddable":true,"href":"https:\/\/todoapulmon-rafaela.com\/index.php\/wp-json\/wp\/v2\/categories?post=39744"},{"taxonomy":"post_tag","embeddable":true,"href":"https:\/\/todoapulmon-rafaela.com\/index.php\/wp-json\/wp\/v2\/tags?post=39744"}],"curies":[{"name":"wp","href":"https:\/\/api.w.org\/{rel}","templated":true}]}}