{"id":39694,"date":"2023-05-18T11:17:55","date_gmt":"2023-05-18T11:17:55","guid":{"rendered":"https:\/\/todoapulmon-rafaela.com\/?p=39694"},"modified":"2023-05-18T11:47:34","modified_gmt":"2023-05-18T11:47:34","slug":"mondino-y-el-equipo-argentino-viajaron-a-bogota","status":"publish","type":"post","link":"https:\/\/todoapulmon-rafaela.com\/index.php\/2023\/05\/18\/mondino-y-el-equipo-argentino-viajaron-a-bogota\/","title":{"rendered":"Mondino y el equipo argentino viajaron a Bogot\u00e1"},"content":{"rendered":"<p>Este mi\u00e9rcoles 17 de mayo viaj\u00f3 a Bogot\u00e1 (Colombia), la Selecci\u00f3n Argentina que participar\u00e1 -entre el viernes y domingo- en la 45a. edici\u00f3n del Campeonato Sudamericano u20 (40a. edici\u00f3n de damas). Las pruebas se disputar\u00e1n en el complejo deportivo El Salitre, en la capital colombiana, que recibe por segunda vez esta competici\u00f3n (la anterior fue en 1990).<\/p>\n<p>El equipo argentino surgi\u00f3 tras el Campeonato Nacional disputado en Rosario y tuvo otra competici\u00f3n internacional con el triangular ABP en Posadas, el mes pasado. Incluye a promisorias figuras de las distintas especialidades dentro de una categor\u00eda que siempre fue la plataforma de lanzamiento para la elite del atletismo argentino.<\/p>\n<p>Nombres como el del velocista rafaelino Tom\u00e1s Mondino, los tambi\u00e9n velocistas Lucas y Tom\u00e1s Villegas (que vienen de sobresalir en los Binacionales) y el lanzador de martillo Tom\u00e1s Olivera se incluyen en la formaci\u00f3n de varones, mientras que la m\u00faltiple Renata Godoy, Giuliana Baigorria en martillo, la vallista Helen Bernard Stilling, la saltarina en largo Victoria Zanolli -flamante campeona nacional absoluta- y la lanzadora mendocina Florencia Dupans se encuentran en el plantel femenino, entre otros nombres de futuro.<\/p>\n<p>Mondino ya participar\u00e1 en la primera jornada en los 100 metros llanos. El r\u00e9cord de campeonato en esa prueba lo tiene el brasile\u00f1o Erik Felipe Barbosa Cardozo desde el 15 de junio de 2019 en Cali, con 10s 23.<\/p>\n<p>El Sudamericano u20 reunir\u00e1 a las promesas de todos los pa\u00edses de la regi\u00f3n, con nombres que ya vienen brillando como el recordman de los 200 metros, el brasile\u00f1o Ren\u00e1n Correa de Lima Gallina, o las velocistas colombianas que el a\u00f1o pasado obtuvieron la medalla de relevos en el Mundial u20 en Cali, al igual que la lanzadora de jabalina uruguaya Manuela Rotundo.<\/p>\n","protected":false},"excerpt":{"rendered":"<p>Este mi\u00e9rcoles 17 de mayo viaj\u00f3 a Bogot\u00e1 (Colombia), la Selecci\u00f3n Argentina que participar\u00e1 -entre el viernes y domingo- en<\/p>\n","protected":false},"author":2,"featured_media":39695,"comment_status":"closed","ping_status":"closed","sticky":false,"template":"","format":"standard","meta":{"footnotes":""},"categories":[7,24],"tags":[],"class_list":["post-39694","post","type-post","status-publish","format-standard","has-post-thumbnail","hentry","category-atletismo","category-noticias-destacadas"],"cc_featured_image_caption":{"caption_text":"FOTO CADA","source_text":"","source_url":""},"_links":{"self":[{"href":"https:\/\/todoapulmon-rafaela.com\/index.php\/wp-json\/wp\/v2\/posts\/39694"}],"collection":[{"href":"https:\/\/todoapulmon-rafaela.com\/index.php\/wp-json\/wp\/v2\/posts"}],"about":[{"href":"https:\/\/todoapulmon-rafaela.com\/index.php\/wp-json\/wp\/v2\/types\/post"}],"author":[{"embeddable":true,"href":"https:\/\/todoapulmon-rafaela.com\/index.php\/wp-json\/wp\/v2\/users\/2"}],"replies":[{"embeddable":true,"href":"https:\/\/todoapulmon-rafaela.com\/index.php\/wp-json\/wp\/v2\/comments?post=39694"}],"version-history":[{"count":2,"href":"https:\/\/todoapulmon-rafaela.com\/index.php\/wp-json\/wp\/v2\/posts\/39694\/revisions"}],"predecessor-version":[{"id":39697,"href":"https:\/\/todoapulmon-rafaela.com\/index.php\/wp-json\/wp\/v2\/posts\/39694\/revisions\/39697"}],"wp:featuredmedia":[{"embeddable":true,"href":"https:\/\/todoapulmon-rafaela.com\/index.php\/wp-json\/wp\/v2\/media\/39695"}],"wp:attachment":[{"href":"https:\/\/todoapulmon-rafaela.com\/index.php\/wp-json\/wp\/v2\/media?parent=39694"}],"wp:term":[{"taxonomy":"category","embeddable":true,"href":"https:\/\/todoapulmon-rafaela.com\/index.php\/wp-json\/wp\/v2\/categories?post=39694"},{"taxonomy":"post_tag","embeddable":true,"href":"https:\/\/todoapulmon-rafaela.com\/index.php\/wp-json\/wp\/v2\/tags?post=39694"}],"curies":[{"name":"wp","href":"https:\/\/api.w.org\/{rel}","templated":true}]}}