{"id":39608,"date":"2023-05-15T12:11:18","date_gmt":"2023-05-15T12:11:18","guid":{"rendered":"https:\/\/todoapulmon-rafaela.com\/?p=39608"},"modified":"2023-05-15T12:17:43","modified_gmt":"2023-05-15T12:17:43","slug":"meritoria-labor-de-integrantes-de-runnea-en-los-21k-de-rosario","status":"publish","type":"post","link":"https:\/\/todoapulmon-rafaela.com\/index.php\/2023\/05\/15\/meritoria-labor-de-integrantes-de-runnea-en-los-21k-de-rosario\/","title":{"rendered":"Meritoria labor de integrantes de Runnea en los 21k de Rosario"},"content":{"rendered":"<p>El grupo Runnea de nuestra ciudad, a cargo de Ariel Magallanes, estuvo representado por cuatro integrantes este domingo en los 21k de Rosario, una de las citas m\u00e1s importantes del interior del pa\u00eds en el running argentino.<\/p>\n<p>Romano Maza se destac\u00f3 arriibando en el trig\u00e9simo puesto de la clasificaci\u00f3n general con un tiempo oficial de 1h 18m 15s y und\u00e9cimo en la categor\u00eda de 35-39 a\u00f1os.<\/p>\n<p>Jorge Trossero, por su parte, tuvo un tiempo oficial de 1h 45m y culmin\u00f3 146 en su categor\u00eda.<\/p>\n<p><img loading=\"lazy\" decoding=\"async\" class=\"alignnone size-full wp-image-39610\" src=\"https:\/\/todoapulmon-rafaela.com\/wp-content\/uploads\/2023\/05\/Araceli-Sosa-Rosario.jpg\" alt=\"\" width=\"720\" height=\"1600\" srcset=\"https:\/\/todoapulmon-rafaela.com\/wp-content\/uploads\/2023\/05\/Araceli-Sosa-Rosario.jpg 720w, https:\/\/todoapulmon-rafaela.com\/wp-content\/uploads\/2023\/05\/Araceli-Sosa-Rosario-135x300.jpg 135w, https:\/\/todoapulmon-rafaela.com\/wp-content\/uploads\/2023\/05\/Araceli-Sosa-Rosario-675x1500.jpg 675w, https:\/\/todoapulmon-rafaela.com\/wp-content\/uploads\/2023\/05\/Araceli-Sosa-Rosario-691x1536.jpg 691w\" sizes=\"(max-width: 720px) 100vw, 720px\" \/><\/p>\n<p>En damas, Mar\u00eda Alejandra Gonz\u00e1lez tuvo un registro de 1h 50m 57s quedando 34 en su categor\u00eda. Adem\u00e1s, Araceli Sosa finaliz\u00f3 la prueba en 1h 58m y se ubic\u00f3 66 en su categor\u00eda.<\/p>\n","protected":false},"excerpt":{"rendered":"<p>El grupo Runnea de nuestra ciudad, a cargo de Ariel Magallanes, estuvo representado por cuatro integrantes este domingo en los<\/p>\n","protected":false},"author":2,"featured_media":39609,"comment_status":"closed","ping_status":"closed","sticky":false,"template":"","format":"standard","meta":{"footnotes":""},"categories":[7,24],"tags":[],"class_list":["post-39608","post","type-post","status-publish","format-standard","has-post-thumbnail","hentry","category-atletismo","category-noticias-destacadas"],"cc_featured_image_caption":{"caption_text":"","source_text":"","source_url":""},"_links":{"self":[{"href":"https:\/\/todoapulmon-rafaela.com\/index.php\/wp-json\/wp\/v2\/posts\/39608"}],"collection":[{"href":"https:\/\/todoapulmon-rafaela.com\/index.php\/wp-json\/wp\/v2\/posts"}],"about":[{"href":"https:\/\/todoapulmon-rafaela.com\/index.php\/wp-json\/wp\/v2\/types\/post"}],"author":[{"embeddable":true,"href":"https:\/\/todoapulmon-rafaela.com\/index.php\/wp-json\/wp\/v2\/users\/2"}],"replies":[{"embeddable":true,"href":"https:\/\/todoapulmon-rafaela.com\/index.php\/wp-json\/wp\/v2\/comments?post=39608"}],"version-history":[{"count":2,"href":"https:\/\/todoapulmon-rafaela.com\/index.php\/wp-json\/wp\/v2\/posts\/39608\/revisions"}],"predecessor-version":[{"id":39612,"href":"https:\/\/todoapulmon-rafaela.com\/index.php\/wp-json\/wp\/v2\/posts\/39608\/revisions\/39612"}],"wp:featuredmedia":[{"embeddable":true,"href":"https:\/\/todoapulmon-rafaela.com\/index.php\/wp-json\/wp\/v2\/media\/39609"}],"wp:attachment":[{"href":"https:\/\/todoapulmon-rafaela.com\/index.php\/wp-json\/wp\/v2\/media?parent=39608"}],"wp:term":[{"taxonomy":"category","embeddable":true,"href":"https:\/\/todoapulmon-rafaela.com\/index.php\/wp-json\/wp\/v2\/categories?post=39608"},{"taxonomy":"post_tag","embeddable":true,"href":"https:\/\/todoapulmon-rafaela.com\/index.php\/wp-json\/wp\/v2\/tags?post=39608"}],"curies":[{"name":"wp","href":"https:\/\/api.w.org\/{rel}","templated":true}]}}