{"id":39320,"date":"2023-05-06T23:08:18","date_gmt":"2023-05-06T23:08:18","guid":{"rendered":"https:\/\/todoapulmon-rafaela.com\/?p=39320"},"modified":"2023-05-06T23:08:18","modified_gmt":"2023-05-06T23:08:18","slug":"se-corrio-la-segunda-prueba-recreativa","status":"publish","type":"post","link":"https:\/\/todoapulmon-rafaela.com\/index.php\/2023\/05\/06\/se-corrio-la-segunda-prueba-recreativa\/","title":{"rendered":"Se corri\u00f3 la segunda prueba Recreativa"},"content":{"rendered":"<p>Organizada por la Municipalidad de Rafaela, en Estanislao del Campo, fueron parte ni\u00f1os y ni\u00f1as de 5 a 12 a\u00f1os, adolescentes de 13 a 15, y mayores que participaron en los 5 y 8 kil\u00f3metros.<\/p>\n<p>La segunda prueba recreativa del a\u00f1o, organizada por la Municipalidad de Rafaela, tuvo su largada en Estanislao del Campo y Candioti. La actividad cont\u00f3 con una masiva participaci\u00f3n de deportistas de distintas edades.<\/p>\n<p>A las 15.30 comenz\u00f3 la Marat\u00f3n Kids (5 a 12 a\u00f1os) y Juniors (13 a 15 a\u00f1os), con chicos y chicas que disfrutaron de la jornada m\u00e1s all\u00e1 de las condiciones clim\u00e1ticas. En tanto, que los participantes de los 5 y 8 kil\u00f3metros largaron a las 16.00.<\/p>\n<p>\u00abSiguiendo el pedido del Intendente para potenciar la media marat\u00f3n de la ciudad de Rafaela, organizamos esta nueva carrera recreativa. La misma es tomada como una carrera de pretemporada, como el segundo evento del a\u00f1o para las y los deportistas y corredores\u201d, destac\u00f3 el subsecretario de Deportes y Recreaci\u00f3n, Ignacio Podio.<\/p>\n<p>*La familia y el deporte*<br \/>\nM\u00e1s all\u00e1 de los participantes de diferentes edades, al evento deportivo concurrieron las familias para presenciar este evento deportivo que potencia a nuestra ciudad de cara a lo que ser\u00e1 la Marat\u00f3n Ciudad de Rafaela, que se desarrollar\u00e1 el domingo 8 de octubre.<\/p>\n<p>Esta competencia que se realiza en honor a Daniel \u00abTecla Far\u00edas\u00bb, y que a\u00f1o a a\u00f1o re\u00fane a deportistas de nuestra ciudad y todo el pa\u00eds, se largar\u00e1 frente al edificio municipal a las 8.00.<\/p>\n<p><img loading=\"lazy\" decoding=\"async\" class=\"alignnone size-full wp-image-39323\" src=\"https:\/\/todoapulmon-rafaela.com\/wp-content\/uploads\/2023\/05\/P1480982_resultado.jpg\" alt=\"\" width=\"1600\" height=\"1200\" srcset=\"https:\/\/todoapulmon-rafaela.com\/wp-content\/uploads\/2023\/05\/P1480982_resultado.jpg 1600w, https:\/\/todoapulmon-rafaela.com\/wp-content\/uploads\/2023\/05\/P1480982_resultado-300x225.jpg 300w, https:\/\/todoapulmon-rafaela.com\/wp-content\/uploads\/2023\/05\/P1480982_resultado-1536x1152.jpg 1536w\" sizes=\"(max-width: 1600px) 100vw, 1600px\" \/><\/p>\n<p>\u00abEstamos pensando en nuevas propuestas, porque la idea es seguir creciendo y sumar opciones para seguir construyendo de Rafaela como ciudad de eventos\u00bb, agreg\u00f3 Podio.<\/p>\n<p>Cada a\u00f1o, el n\u00famero de inscriptos y participantes aumenta, y en 2023 promete superar los n\u00fameros del a\u00f1o pasado para los 5, 10 y 21 kil\u00f3metros. Adem\u00e1s, contar\u00e1 con importantes premios.<\/p>\n<p>*Fomentar el cuidado de la salud*<br \/>\nTodas estas actividades est\u00e1n orientadas a los grupos de ciudadanos y ciudadanas que priorizan el bienestar y utilizan los espacios verdes de la ciudad para realizar sus actividades recreativas cotidianas.<\/p>\n<p><img loading=\"lazy\" decoding=\"async\" class=\"alignnone size-full wp-image-39322\" src=\"https:\/\/todoapulmon-rafaela.com\/wp-content\/uploads\/2023\/05\/IMG_20230506_184415_863.webp\" alt=\"\" width=\"1080\" height=\"1080\" \/><\/p>\n<p>Asimismo, se busca alentar y fomentar el cuidado de la salud, premiando a las y los deportistas de alto rendimiento, como tambi\u00e9n a quienes reci\u00e9n se inician, intentando motivar a aquellos que est\u00e1n necesitando un cambio en su rutina, para mejorar y adquirir otra calidad de vida.<\/p>\n","protected":false},"excerpt":{"rendered":"<p>Organizada por la Municipalidad de Rafaela, en Estanislao del Campo, fueron parte ni\u00f1os y ni\u00f1as de 5 a 12 a\u00f1os,<\/p>\n","protected":false},"author":2,"featured_media":39321,"comment_status":"closed","ping_status":"closed","sticky":false,"template":"","format":"standard","meta":{"footnotes":""},"categories":[7,24],"tags":[],"class_list":["post-39320","post","type-post","status-publish","format-standard","has-post-thumbnail","hentry","category-atletismo","category-noticias-destacadas"],"cc_featured_image_caption":{"caption_text":"","source_text":"","source_url":""},"_links":{"self":[{"href":"https:\/\/todoapulmon-rafaela.com\/index.php\/wp-json\/wp\/v2\/posts\/39320"}],"collection":[{"href":"https:\/\/todoapulmon-rafaela.com\/index.php\/wp-json\/wp\/v2\/posts"}],"about":[{"href":"https:\/\/todoapulmon-rafaela.com\/index.php\/wp-json\/wp\/v2\/types\/post"}],"author":[{"embeddable":true,"href":"https:\/\/todoapulmon-rafaela.com\/index.php\/wp-json\/wp\/v2\/users\/2"}],"replies":[{"embeddable":true,"href":"https:\/\/todoapulmon-rafaela.com\/index.php\/wp-json\/wp\/v2\/comments?post=39320"}],"version-history":[{"count":1,"href":"https:\/\/todoapulmon-rafaela.com\/index.php\/wp-json\/wp\/v2\/posts\/39320\/revisions"}],"predecessor-version":[{"id":39324,"href":"https:\/\/todoapulmon-rafaela.com\/index.php\/wp-json\/wp\/v2\/posts\/39320\/revisions\/39324"}],"wp:featuredmedia":[{"embeddable":true,"href":"https:\/\/todoapulmon-rafaela.com\/index.php\/wp-json\/wp\/v2\/media\/39321"}],"wp:attachment":[{"href":"https:\/\/todoapulmon-rafaela.com\/index.php\/wp-json\/wp\/v2\/media?parent=39320"}],"wp:term":[{"taxonomy":"category","embeddable":true,"href":"https:\/\/todoapulmon-rafaela.com\/index.php\/wp-json\/wp\/v2\/categories?post=39320"},{"taxonomy":"post_tag","embeddable":true,"href":"https:\/\/todoapulmon-rafaela.com\/index.php\/wp-json\/wp\/v2\/tags?post=39320"}],"curies":[{"name":"wp","href":"https:\/\/api.w.org\/{rel}","templated":true}]}}