{"id":39077,"date":"2023-04-28T15:33:54","date_gmt":"2023-04-28T15:33:54","guid":{"rendered":"https:\/\/todoapulmon-rafaela.com\/?p=39077"},"modified":"2023-04-28T15:52:17","modified_gmt":"2023-04-28T15:52:17","slug":"doce-postas-de-amancay-en-el-torneo-realizado-en-santa-fe","status":"publish","type":"post","link":"https:\/\/todoapulmon-rafaela.com\/index.php\/2023\/04\/28\/doce-postas-de-amancay-en-el-torneo-realizado-en-santa-fe\/","title":{"rendered":"Doce postas de Amancay en el torneo realizado en Santa Fe"},"content":{"rendered":"<p>El s\u00e1bado 22 de abril se realiz\u00f3 en las instalaciones de Centro Deportivo Jer\u00e1rquicos Salud, un encuentro de nataci\u00f3n en la modalidad de postas. La prueba consist\u00eda en realizar relevos entre cuatro nadadores cambiando de competidor cada 50 metros recorridos durante una hora. Quien realizaba m\u00e1s metros en las distintas categor\u00edas recib\u00eda una premiaci\u00f3n si estaba dentro de los 3 primeros puestos.<\/p>\n<p><strong>El Natatorio Amancay concurri\u00f3 a la competencia con 12 postas (48\u00a0 nadadores) con meritorias performances,<\/strong> participando del torneo m\u00e1s de 10 instituciones de las provincias de Santa Fe y de Entre R\u00edos. Los resultados de las postas del Natatorio Amancay en cada categor\u00eda fueron:<\/p>\n<p><u>Postas Femeninas hasta 120 a\u00f1os<\/u>: <strong>Segundo puesto para la posta \u201cLas Dorys\u201d<\/strong> integrada por: Gabriela Mezzo, Veronica Monesterolo, Fiama Romero y Emilia Garcia<strong>.<\/strong><\/p>\n<p><strong>Tercer Puesto : \u201cLas debutantes\u201d<\/strong> integrada por : Natalia chiabrando, Abril Pellegrinet, Valentina Peretto y Corina Aimo.<\/p>\n<p><strong>Tercer Puesto: \u201cLas ratito Libre\u201d<\/strong> integrada por Morena Villegas, Verena Bertero, Tania Valiente y Caterina Guti\u00e9rrez.<\/p>\n<p><img loading=\"lazy\" decoding=\"async\" class=\"alignnone size-full wp-image-39079\" src=\"https:\/\/todoapulmon-rafaela.com\/wp-content\/uploads\/2023\/04\/Amancay-Jerarquicos8.jpg\" alt=\"\" width=\"1200\" height=\"1600\" srcset=\"https:\/\/todoapulmon-rafaela.com\/wp-content\/uploads\/2023\/04\/Amancay-Jerarquicos8.jpg 1200w, https:\/\/todoapulmon-rafaela.com\/wp-content\/uploads\/2023\/04\/Amancay-Jerarquicos8-225x300.jpg 225w, https:\/\/todoapulmon-rafaela.com\/wp-content\/uploads\/2023\/04\/Amancay-Jerarquicos8-1125x1500.jpg 1125w, https:\/\/todoapulmon-rafaela.com\/wp-content\/uploads\/2023\/04\/Amancay-Jerarquicos8-1152x1536.jpg 1152w\" sizes=\"(max-width: 1200px) 100vw, 1200px\" \/><\/p>\n<p>Estas \u00faltimas dos postas realizaron la misma cantidad de metros y compartieron el 3\u00aa puesto.<\/p>\n<p><u>Postas Masculinas hasta 120 a\u00f1os<\/u>: <strong>Primer puesto para la posta \u201cTeam Danger\u201d integrada por:<\/strong> Luca Bahl, Alejo Perez, Bruno Bonino y Marcos Peretti.<\/p>\n<p>Postas Femeninas\u00a0 hasta 160 a\u00f1os: <strong>Primer Puesto \u201cNi Ah\u00ed el sexo d\u00e9bil\u201d<\/strong> integrada por: Mariana Rabbi, Josefina Echarri, Florencia Giro e Ibel Copes.<\/p>\n<p>Postas Masculinas hasta 160 a\u00f1os: <strong>Tercer Puesto \u201cDream Team\u201d<\/strong> integrado por Pablo Fontana, Pablo Scozzina, Germ\u00e1n Mehring y Emanuel Bianco.<\/p>\n<p><img loading=\"lazy\" decoding=\"async\" class=\"alignnone size-full wp-image-39080\" src=\"https:\/\/todoapulmon-rafaela.com\/wp-content\/uploads\/2023\/04\/Amancay-Jerarquicos6.jpg\" alt=\"\" width=\"1200\" height=\"1600\" srcset=\"https:\/\/todoapulmon-rafaela.com\/wp-content\/uploads\/2023\/04\/Amancay-Jerarquicos6.jpg 1200w, https:\/\/todoapulmon-rafaela.com\/wp-content\/uploads\/2023\/04\/Amancay-Jerarquicos6-225x300.jpg 225w, https:\/\/todoapulmon-rafaela.com\/wp-content\/uploads\/2023\/04\/Amancay-Jerarquicos6-1125x1500.jpg 1125w, https:\/\/todoapulmon-rafaela.com\/wp-content\/uploads\/2023\/04\/Amancay-Jerarquicos6-1152x1536.jpg 1152w\" sizes=\"(max-width: 1200px) 100vw, 1200px\" \/><\/p>\n<p>Tuvieron una destacada participaci\u00f3n en la misma categor\u00eda:<\/p>\n<p>La posta <strong>\u201cSubmarinas Amarillas\u201d<\/strong> integrada por: Camila Eier, Bel\u00e9n Virginio, Macarena Quiroga y Carolina Kauffman.<\/p>\n<p>La posta <strong>\u201cLos Ballenatos\u201d<\/strong> integrada por: Martin Morgada, Eduardo Maretto, Javier Lozano y Eloy Salado.<\/p>\n<p>La Posta\u00a0 <strong>\u201cManaties\u201d<\/strong> integrada por : Ives Minetti, Matias Maina, Facundo Rubino y Guillermo Fernandez.<\/p>\n<p>La Posta <strong>\u201cDios los cr\u00eda y el agua los amontona\u201d<\/strong> integrada por: Horacio Gayard, Nicol\u00e1s Colombero, Daniel Ferrero y Roberto Espinosa.<\/p>\n<p><img loading=\"lazy\" decoding=\"async\" class=\"alignnone size-full wp-image-39082\" src=\"https:\/\/todoapulmon-rafaela.com\/wp-content\/uploads\/2023\/04\/Amancay-Jerarquicos4.jpg\" alt=\"\" width=\"1200\" height=\"1600\" srcset=\"https:\/\/todoapulmon-rafaela.com\/wp-content\/uploads\/2023\/04\/Amancay-Jerarquicos4.jpg 1200w, https:\/\/todoapulmon-rafaela.com\/wp-content\/uploads\/2023\/04\/Amancay-Jerarquicos4-225x300.jpg 225w, https:\/\/todoapulmon-rafaela.com\/wp-content\/uploads\/2023\/04\/Amancay-Jerarquicos4-1125x1500.jpg 1125w, https:\/\/todoapulmon-rafaela.com\/wp-content\/uploads\/2023\/04\/Amancay-Jerarquicos4-1152x1536.jpg 1152w\" sizes=\"(max-width: 1200px) 100vw, 1200px\" \/><\/p>\n<p>La Posta <strong>\u201cLos Cocodrilos\u201d<\/strong> integrada por : Cristian Gait\u00e1n, Guillermo Bahl, Guillermo Hang y Andr\u00e9s Colon.<\/p>\n<p>La Posta <strong>\u201cJuntas son dinamita\u201d<\/strong> integrada por : Carolina Degiovanni, Betina Lischet, Carolina Ceja e Hilen Heffelen.<\/p>\n<p>Desde el Natatorio Amancay nos mencionan que est\u00e1n maravillados de la calidad de las instalaciones que tiene el Centro Deportivo Jer\u00e1rquicos y como siempre est\u00e1n agradecidos con sus nadadores por participar en estas competencias.<\/p>\n","protected":false},"excerpt":{"rendered":"<p>El s\u00e1bado 22 de abril se realiz\u00f3 en las instalaciones de Centro Deportivo Jer\u00e1rquicos Salud, un encuentro de nataci\u00f3n en<\/p>\n","protected":false},"author":2,"featured_media":39081,"comment_status":"closed","ping_status":"closed","sticky":false,"template":"","format":"standard","meta":{"footnotes":""},"categories":[26,24],"tags":[],"class_list":["post-39077","post","type-post","status-publish","format-standard","has-post-thumbnail","hentry","category-natacion","category-noticias-destacadas"],"cc_featured_image_caption":{"caption_text":"","source_text":"","source_url":""},"_links":{"self":[{"href":"https:\/\/todoapulmon-rafaela.com\/index.php\/wp-json\/wp\/v2\/posts\/39077"}],"collection":[{"href":"https:\/\/todoapulmon-rafaela.com\/index.php\/wp-json\/wp\/v2\/posts"}],"about":[{"href":"https:\/\/todoapulmon-rafaela.com\/index.php\/wp-json\/wp\/v2\/types\/post"}],"author":[{"embeddable":true,"href":"https:\/\/todoapulmon-rafaela.com\/index.php\/wp-json\/wp\/v2\/users\/2"}],"replies":[{"embeddable":true,"href":"https:\/\/todoapulmon-rafaela.com\/index.php\/wp-json\/wp\/v2\/comments?post=39077"}],"version-history":[{"count":4,"href":"https:\/\/todoapulmon-rafaela.com\/index.php\/wp-json\/wp\/v2\/posts\/39077\/revisions"}],"predecessor-version":[{"id":39086,"href":"https:\/\/todoapulmon-rafaela.com\/index.php\/wp-json\/wp\/v2\/posts\/39077\/revisions\/39086"}],"wp:featuredmedia":[{"embeddable":true,"href":"https:\/\/todoapulmon-rafaela.com\/index.php\/wp-json\/wp\/v2\/media\/39081"}],"wp:attachment":[{"href":"https:\/\/todoapulmon-rafaela.com\/index.php\/wp-json\/wp\/v2\/media?parent=39077"}],"wp:term":[{"taxonomy":"category","embeddable":true,"href":"https:\/\/todoapulmon-rafaela.com\/index.php\/wp-json\/wp\/v2\/categories?post=39077"},{"taxonomy":"post_tag","embeddable":true,"href":"https:\/\/todoapulmon-rafaela.com\/index.php\/wp-json\/wp\/v2\/tags?post=39077"}],"curies":[{"name":"wp","href":"https:\/\/api.w.org\/{rel}","templated":true}]}}